{"id":45322,"date":"2022-09-01T22:06:44","date_gmt":"2022-09-02T03:06:44","guid":{"rendered":"http:\/\/www.zonaroja.com.mx\/?p=45322"},"modified":"2022-09-01T22:06:45","modified_gmt":"2022-09-02T03:06:45","slug":"robos-asaltos-crimenes-la-creciente-violencia-en-oaxaca-de-juarez","status":"publish","type":"post","link":"https:\/\/zonaroja.com.mx\/?p=45322","title":{"rendered":"Robos, asaltos, cr\u00edmenes\u2026 la creciente violencia en Oaxaca de Ju\u00e1rez"},"content":{"rendered":"\n<p>Ismael Garc\u00eda M.\/Zona Roja.<\/p>\n\n\n\n<p>Oaxaca de Ju\u00e1rez, Oax., a 1 de septiembre de 2022.- Robos y asaltos a mano armada, ejecuciones al estilo del crimen organizado, violencia contra las mujeres, nula vigilancia policiaca municipal.<\/p>\n\n\n\n<p>Ese es el panorama de la creciente inseguridad en Oaxaca de Ju\u00e1rez, la capital del estado, ante el nulo inter\u00e9s de la autoridad que encabeza el edil Francisco Mart\u00ednez Neri, de Morena, y el secretario de Seguridad, Ra\u00fal \u00c1vila Ibarra, quien a ocho meses, a\u00fan no conoce las 13 agencias municipales y las m\u00e1s de 250 colonias.<\/p>\n\n\n\n<p>Apenas este jueves y a unas ocho cuadras del z\u00f3calo, se registr\u00f3 un asalto a una caja de ahorros, ubicada en el n\u00famero 219 de la calle de X\u00f3chitl, entre Armenta y L\u00f3pez y Fiallo.<\/p>\n\n\n\n<p>Sujetos armados, presuntamente a bordo de una motocicleta, ingresaron al establecimiento denominado \u201cNuestra Caja\u201d y amagaron a usuarios y personal; presuntamente se llevaron la cantidad de 16 mil pesos, adem\u00e1s de objetos de valor, entre ellos celulares, tras lo cual huyeron, sin que hubiera polic\u00edas en la zona.\u00a0<\/p>\n\n\n\n<figure class=\"wp-block-embed is-type-rich is-provider-twitter wp-block-embed-twitter\"><div class=\"wp-block-embed__wrapper\">\n<div class=\"twitter-tweet\"><blockquote class=\"twitter-tweet\" data-lang=\"es\"><p lang=\"es\" dir=\"ltr\"><a href=\"https:\/\/twitter.com\/hashtag\/ENVIVO?src=hash&amp;ref_src=twsrc%5Etfw\">#ENVIVO<\/a><br>Oaxaca de Ju\u00e1rez, Oax., a 1 de septiembre de 2022.- Asaltan la caja de ahorro \u201cNuestra Caia\u201d ubicada en la calle de X\u00f3chitl, entre Armenta y L\u00f3pez y Fiallo, centro de la capital.<br>Transmisi\u00f3n \ud83d\udc47<a href=\"https:\/\/t.co\/IJtwCSqNeg\">https:\/\/t.co\/IJtwCSqNeg<\/a> <a href=\"https:\/\/t.co\/deeBBSKB4I\">pic.twitter.com\/deeBBSKB4I<\/a><\/p>&mdash; Zona Roja Oaxaca (@ZonaRoja_Oaxaca) <a href=\"https:\/\/twitter.com\/ZonaRoja_Oaxaca\/status\/1565384185040277506?ref_src=twsrc%5Etfw\">1 de septiembre de 2022<\/a><\/blockquote><\/div>\n<\/div><\/figure>\n\n\n\n<p>En tanto, esta ma\u00f1ana se difundi\u00f3 por redes sociales la videograbaci\u00f3n de una c\u00e1mara de seguridad acerca del asalto al caf\u00e9 \u201cLa Br\u00fajula\u201d, ubicado en la esquina de Belisario Dom\u00ednguez y Heroico Colegio Militar de la colonia Reforma.<\/p>\n\n\n\n<p>Sin prisas, dos sujetos con gorra y cubrebocas, cada uno con pistola, amagaron a clientes y trabajadores; mientras uno exig\u00eda dinero, tel\u00e9fonos y dem\u00e1s objetos de valor, otro vigilaba el acceso; tras ello, tambi\u00e9n salieron tranquilamente del sitio.<\/p>\n\n\n\n<p>Los hechos ocurrieron el pasado martes alrededor de las 22:00 horas e inicialmente se hab\u00eda informado que hab\u00eda sido en la sucursal ubicada en la calzada Porfirio D\u00edaz, tambi\u00e9n de la colonia Reforma.<\/p>\n\n\n\n<p>Momentos antes de ese mismo d\u00eda, otros dos sujetos a bordo de una motocicleta, ejecutaron a una mujer, en la lateral del Perif\u00e9rico, junto a la Central de Abasto; adem\u00e1s, hirieron a al menos a cuatro personas, tras lo cual se dieron a la fuga.<\/p>\n\n\n\n<p>El domingo pasado, tres individuos asaltaron la tienda \u201cIshop\u201d ubicada en Plaza Mazari, donde sustrajeron varios equipos de c\u00f3mputo. De la misma manera, sin ser interrumpidos y mucho menos aprehendidos, lograron escapar a bordo de un veh\u00edculo.<\/p>\n\n\n\n<figure class=\"wp-block-embed is-type-rich is-provider-twitter wp-block-embed-twitter\"><div class=\"wp-block-embed__wrapper\">\n<div class=\"twitter-tweet\"><blockquote class=\"twitter-tweet\" data-lang=\"es\"><p lang=\"es\" dir=\"ltr\">\u00bfQu\u00e9 le parece? As\u00ed fue el asalto al caf\u00e9 \u201cLa Br\u00fajula\u201d, hace dos d\u00edas, en la colonia Reforma de la ciudad de <a href=\"https:\/\/twitter.com\/hashtag\/Oaxaca?src=hash&amp;ref_src=twsrc%5Etfw\">#Oaxaca<\/a>.<br>Nula vigilancia de polic\u00edas del <a href=\"https:\/\/twitter.com\/MunicipioOaxaca?ref_src=twsrc%5Etfw\">@MunicipioOaxaca<\/a>. <br>Total desconocimiento del titular de Seguridad de la capital, Ra\u00fal \u00c1vila Ibarra. <a href=\"https:\/\/t.co\/PqkTYp3cTY\">pic.twitter.com\/PqkTYp3cTY<\/a><\/p>&mdash; Zona Roja Oaxaca (@ZonaRoja_Oaxaca) <a href=\"https:\/\/twitter.com\/ZonaRoja_Oaxaca\/status\/1565326794156294144?ref_src=twsrc%5Etfw\">1 de septiembre de 2022<\/a><\/blockquote><\/div>\n<\/div><\/figure>\n","protected":false},"excerpt":{"rendered":"<p>Ismael Garc\u00eda M.\/Zona Roja. Oaxaca de Ju\u00e1rez, Oax., a 1 de septiembre de 2022.- Robos&hellip;<\/p>\n","protected":false},"author":2,"featured_media":45323,"comment_status":"closed","ping_status":"open","sticky":false,"template":"","format":"standard","meta":{"_lmt_disableupdate":"","_lmt_disable":"","_jetpack_memberships_contains_paid_content":false,"footnotes":""},"categories":[109,47],"tags":[148],"class_list":["post-45322","post","type-post","status-publish","format-standard","has-post-thumbnail","hentry","category-minuto-a-minuto","category-zona-gris","tag-oaxaca-de-juarez"],"jetpack_featured_media_url":"https:\/\/zonaroja.com.mx\/wp-content\/uploads\/2022\/09\/Asalto-caja-de-ahorro-Oaxaca.jpg","jetpack_sharing_enabled":true,"_links":{"self":[{"href":"https:\/\/zonaroja.com.mx\/index.php?rest_route=\/wp\/v2\/posts\/45322","targetHints":{"allow":["GET"]}}],"collection":[{"href":"https:\/\/zonaroja.com.mx\/index.php?rest_route=\/wp\/v2\/posts"}],"about":[{"href":"https:\/\/zonaroja.com.mx\/index.php?rest_route=\/wp\/v2\/types\/post"}],"author":[{"embeddable":true,"href":"https:\/\/zonaroja.com.mx\/index.php?rest_route=\/wp\/v2\/users\/2"}],"replies":[{"embeddable":true,"href":"https:\/\/zonaroja.com.mx\/index.php?rest_route=%2Fwp%2Fv2%2Fcomments&post=45322"}],"version-history":[{"count":1,"href":"https:\/\/zonaroja.com.mx\/index.php?rest_route=\/wp\/v2\/posts\/45322\/revisions"}],"predecessor-version":[{"id":45327,"href":"https:\/\/zonaroja.com.mx\/index.php?rest_route=\/wp\/v2\/posts\/45322\/revisions\/45327"}],"wp:featuredmedia":[{"embeddable":true,"href":"https:\/\/zonaroja.com.mx\/index.php?rest_route=\/wp\/v2\/media\/45323"}],"wp:attachment":[{"href":"https:\/\/zonaroja.com.mx\/index.php?rest_route=%2Fwp%2Fv2%2Fmedia&parent=45322"}],"wp:term":[{"taxonomy":"category","embeddable":true,"href":"https:\/\/zonaroja.com.mx\/index.php?rest_route=%2Fwp%2Fv2%2Fcategories&post=45322"},{"taxonomy":"post_tag","embeddable":true,"href":"https:\/\/zonaroja.com.mx\/index.php?rest_route=%2Fwp%2Fv2%2Ftags&post=45322"}],"curies":[{"name":"wp","href":"https:\/\/api.w.org\/{rel}","templated":true}]}}