{"id":45332,"date":"2022-09-02T06:51:02","date_gmt":"2022-09-02T11:51:02","guid":{"rendered":"http:\/\/www.zonaroja.com.mx\/?p=45332"},"modified":"2022-09-02T06:51:04","modified_gmt":"2022-09-02T11:51:04","slug":"tras-muerte-de-abigail-en-carcel-designan-mandos-marinos-en-salina-cruz","status":"publish","type":"post","link":"https:\/\/zonaroja.com.mx\/?p=45332","title":{"rendered":"Tras muerte de Abigail en c\u00e1rcel, designan mandos marinos en Salina Cruz"},"content":{"rendered":"\n<p>Redacci\u00f3n\/Zona Roja.<\/p>\n\n\n\n<p>Oaxaca de Ju\u00e1rez, Oax., a 2 de septiembre de 2022.- Tras la muerte Flor Abigail H. U. en una celda del municipio de Salina Cruz, el ayuntamiento design\u00f3 a elementos de la Secretar\u00eda de Marina en \u00e1reas de seguridad p\u00fablica, adem\u00e1s de reemplazar al juez c\u00edvico.<\/p>\n\n\n\n<p>En el sal\u00f3n de Cabildos, ayer por la tarde la autoridad que preside el edil Daniel M\u00e9ndez Sosa tom\u00f3 protesta a los nuevos mandos y los exhort\u00f3 a garantizar la seguridad y la paz p\u00fablica en la ciudad y puerto de Salina Cruz.<\/p>\n\n\n\n<p>El Comisario de la Polic\u00eda Municipal es el Capit\u00e1n de Fragata de Infanter\u00eda de Marina, Juan Carlos Arias Montes de Oca; al Comandante Operativo de la Polic\u00eda, el Teniente de Nav\u00edo de Infanter\u00eda Paracaidista, Juan Jos\u00e9 Gonz\u00e1lez Orozco.<\/p>\n\n\n\n<p>As\u00ed como al Jefe Administrativo de la Polic\u00eda, el Primer Maestre de Infanter\u00eda de Marina, Juan Gabriel Mu\u00f1oz Mart\u00ednez, mientras que a la abogada Domitila Carrasco V\u00e1zquez como Juez C\u00edvico Calificador del municipio.<\/p>\n\n\n\n<p>En conferencia de prensa tras las designaciones, el presidente municipal indic\u00f3 que el cuerpo polic\u00edaco de Salina Cruz cuenta con elementos con conocimiento y vasta experiencia en seguridad p\u00fablica, las cuales ser\u00e1n aplicadas en las estrategias para garantizar la seguridad ciudadana.<\/p>\n\n\n\n<p>Posteriormente, el primer concejal se reuni\u00f3 con los nuevos mandos de la Polic\u00eda Municipal, para tratar asuntos relacionados con la seguridad p\u00fablica.<\/p>\n\n\n\n<p>Fue el 19 de agosto en que fue detenida la joven Flor Abigail H. U., y llevada a los separos, donde horas despu\u00e9s la descubrieron muerta, al supuestamente suicidarse con su prenda \u00edntima inferior.<\/p>\n\n\n\n<p>Luego de ello la Fiscal\u00eda General del Estado detuvo al juez c\u00edvico, al comandante de la polic\u00eda municipal y a dos polic\u00edas; estos \u00faltimos fueron exculpados por un juez y puestos en libertad; los otros dos contin\u00faan el proceso.<\/p>\n","protected":false},"excerpt":{"rendered":"<p>Redacci\u00f3n\/Zona Roja. Oaxaca de Ju\u00e1rez, Oax., a 2 de septiembre de 2022.- Tras la muerte&hellip;<\/p>\n","protected":false},"author":2,"featured_media":45324,"comment_status":"closed","ping_status":"open","sticky":false,"template":"","format":"standard","meta":{"_lmt_disableupdate":"","_lmt_disable":"","_jetpack_memberships_contains_paid_content":false,"footnotes":""},"categories":[109,46],"tags":[168],"class_list":["post-45332","post","type-post","status-publish","format-standard","has-post-thumbnail","hentry","category-minuto-a-minuto","category-zona-blanca","tag-salina-cruz"],"jetpack_featured_media_url":"https:\/\/zonaroja.com.mx\/wp-content\/uploads\/2022\/09\/Designaciones-seguridad-Salina-Cruz.jpg","jetpack_sharing_enabled":true,"_links":{"self":[{"href":"https:\/\/zonaroja.com.mx\/index.php?rest_route=\/wp\/v2\/posts\/45332","targetHints":{"allow":["GET"]}}],"collection":[{"href":"https:\/\/zonaroja.com.mx\/index.php?rest_route=\/wp\/v2\/posts"}],"about":[{"href":"https:\/\/zonaroja.com.mx\/index.php?rest_route=\/wp\/v2\/types\/post"}],"author":[{"embeddable":true,"href":"https:\/\/zonaroja.com.mx\/index.php?rest_route=\/wp\/v2\/users\/2"}],"replies":[{"embeddable":true,"href":"https:\/\/zonaroja.com.mx\/index.php?rest_route=%2Fwp%2Fv2%2Fcomments&post=45332"}],"version-history":[{"count":1,"href":"https:\/\/zonaroja.com.mx\/index.php?rest_route=\/wp\/v2\/posts\/45332\/revisions"}],"predecessor-version":[{"id":45333,"href":"https:\/\/zonaroja.com.mx\/index.php?rest_route=\/wp\/v2\/posts\/45332\/revisions\/45333"}],"wp:featuredmedia":[{"embeddable":true,"href":"https:\/\/zonaroja.com.mx\/index.php?rest_route=\/wp\/v2\/media\/45324"}],"wp:attachment":[{"href":"https:\/\/zonaroja.com.mx\/index.php?rest_route=%2Fwp%2Fv2%2Fmedia&parent=45332"}],"wp:term":[{"taxonomy":"category","embeddable":true,"href":"https:\/\/zonaroja.com.mx\/index.php?rest_route=%2Fwp%2Fv2%2Fcategories&post=45332"},{"taxonomy":"post_tag","embeddable":true,"href":"https:\/\/zonaroja.com.mx\/index.php?rest_route=%2Fwp%2Fv2%2Ftags&post=45332"}],"curies":[{"name":"wp","href":"https:\/\/api.w.org\/{rel}","templated":true}]}}