{"id":45334,"date":"2022-09-02T07:27:15","date_gmt":"2022-09-02T12:27:15","guid":{"rendered":"http:\/\/www.zonaroja.com.mx\/?p=45334"},"modified":"2022-09-02T07:27:16","modified_gmt":"2022-09-02T12:27:16","slug":"cuestionan-datos-del-cuarto-informe-de-gobierno-de-amlo","status":"publish","type":"post","link":"https:\/\/zonaroja.com.mx\/?p=45334","title":{"rendered":"Cuestionan datos del Cuarto Informe de Gobierno de AMLO"},"content":{"rendered":"\n<p>Redacci\u00f3n\/Zona Roja Cdmx.<\/p>\n\n\n\n<p>Ciudad de M\u00e9xico, a 2 de septiembre de 2022.- Las cuentas que el presidente Andr\u00e9s Manuel L\u00f3pez Obrador present\u00f3 en su Cuarto Informe de Gobierno no se apegan a la realidad, ya que los recursos adicionales de los que habla de 2.4 billones de pesos, que se lograron por incrementos en la recaudaci\u00f3n y ahorros, corresponden a la suma de los 4 a\u00f1os de gobierno y no son de un solo a\u00f1o, coincidieron expertos.<\/p>\n\n\n\n<p>Alain Jaimes, analista econ\u00f3mico s\u00e9nior de Signum Research, indic\u00f3 que no se deben de olvidar las m\u00e9tricas de crecimiento econ\u00f3mico, pues estos indicadores tienen la cualidad de ser duros, objetivos y aproximar la realidad. \u201cEn ese sentido, si la realidad no conviene al orden pol\u00edtico, resulta m\u00e1s simple omitirlos\u201d, dijo.<\/p>\n\n\n\n<p>A\u00f1adi\u00f3 que el bienestar tiene varias aristas, y puede ser menos objetivo, pues se basa en la percepci\u00f3n de cada individuo.<\/p>\n\n\n\n<p>\u201cEs importante mencionar que el bienestar per se puede tener varias interpretaciones y es dif\u00edcilmente cuantificable si no se usan m\u00e9tricas que otorguen informaci\u00f3n, de ser ese el caso, el bienestar podr\u00eda responder solo a percepciones personales, lo cual produce que se pierda objetividad\u201d, puntualiz\u00f3.<\/p>\n\n\n\n<p>MENOR CRECIMIENTO<\/p>\n\n\n\n<p>Carlos L\u00f3pez Jones, director de consultor\u00eda en Tendencias.com.mx, a\u00f1adi\u00f3 que siempre es bueno que el gobierno ahorre, pero si vemos que el gasto en educaci\u00f3n y salud han ca\u00eddo, no es positivo que recorte en estos rubros.<\/p>\n\n\n\n<p>\u201cEl Presidente desconoce la medici\u00f3n del PIB porque sabe que sus pol\u00edticas no han dado los resultados que quisiera, y que es muy probable que pasar\u00e1 a la historia como el sexenio con menor crecimiento del PIB, por malas decisiones que ha tomado\u2026&nbsp;<\/p>\n\n\n\n<p>\u201cEs cuestionable la afirmaci\u00f3n del mandatario de que baj\u00f3 la pobreza y la desigualdad, porque Coneval nos dice que hay m\u00e1s pobres, entonces la \u00fanica manera de que baje la desigualdad significa que hay menos ricos y menos clase media, y en consecuencia hay menos inversi\u00f3n\u201d, detall\u00f3.<\/p>\n\n\n\n<p>Mario di Costanzo, expresidente de la Condusef, indic\u00f3 en Twitter que \u201clo que dijo (AMLO) es mentira; y de lo que est\u00e1 mal en el pa\u00eds mejor no habl\u00f3\u201d.<\/p>\n\n\n\n<figure class=\"wp-block-embed is-type-rich is-provider-twitter wp-block-embed-twitter\"><div class=\"wp-block-embed__wrapper\">\n<div class=\"twitter-tweet\"><blockquote class=\"twitter-tweet\" data-lang=\"es\"><p lang=\"es\" dir=\"ltr\"><a href=\"https:\/\/twitter.com\/hashtag\/%C3%9AltimoMinuto?src=hash&amp;ref_src=twsrc%5Etfw\">#\u00daltimoMinuto<\/a> <br>Esta tarde, desde el Palacio Nacional, el Presidente <a href=\"https:\/\/twitter.com\/lopezobrador_?ref_src=twsrc%5Etfw\">@lopezobrador_<\/a> rinde su cuarto informe de gobierno.<br>Aqu\u00ed la transmisi\u00f3n \ud83d\udc47<a href=\"https:\/\/t.co\/wsoxIKeWvN\">https:\/\/t.co\/wsoxIKeWvN<\/a> <a href=\"https:\/\/t.co\/ooAncg2L7W\">pic.twitter.com\/ooAncg2L7W<\/a><\/p>&mdash; Zona Roja Oaxaca (@ZonaRoja_Oaxaca) <a href=\"https:\/\/twitter.com\/ZonaRoja_Oaxaca\/status\/1565468741164568576?ref_src=twsrc%5Etfw\">1 de septiembre de 2022<\/a><\/blockquote><\/div>\n<\/div><\/figure>\n\n\n\n<p>SE PUEDE HACER M\u00c1S<\/p>\n\n\n\n<p>Bajo la percepci\u00f3n del sector privado, si bien reconocen algunos aciertos como el sano manejo de las finanzas p\u00fablicas, afirman que es posible hacer m\u00e1s.<\/p>\n\n\n\n<p>\u201cSi ahorita vamos a 80 kil\u00f3metros por hora, podr\u00edamos ir a 150 km por hora y eso es lo que nosotros queremos impulsar. M\u00e9xico tiene una gran oportunidad para crear espacios de oportunidad para que las empresas estadounidenses pongan sus centros de manufactura aqu\u00ed, pero lo que exigen es Estado de derecho\u201d, dijo Larry Rubin, presidente de The American Society of Mexico.<\/p>\n\n\n\n<p>Por su parte, Francisco Cervantes, presidente del Consejo Coordinador Empresarial (CCE), coincidi\u00f3 en que se puede hacer m\u00e1s, siempre y cuando haya claridad en las reglas y prevalencia de Estado de derecho.<\/p>\n\n\n\n<p>\u201cM\u00e9xico se est\u00e1 volviendo un destino muy importante de las inversiones. Estamos teniendo visitas de ministros de econom\u00eda e inversi\u00f3n de otros pa\u00edses, con delegaciones de empresarios importantes de todo el mundo con anuncios de inversiones y reinversiones. Tenemos una lista que no podemos revelar, pero s\u00ed hay inter\u00e9s en las inversiones&#8230; que haya reglas claras para que esto todav\u00eda sea un motor m\u00e1s para la inversi\u00f3n\u201d, dijo en entrevista.<\/p>\n\n\n\n<p>En este contexto, Rubin se\u00f1al\u00f3 que las empresas nacionales y extranjeras requieren energ\u00eda limpia constante y a buen precio que la CFE no est\u00e1 en capacidad de proveer, lo que tarde o temprano obligar\u00e1 a relocalizar plantas en otros pa\u00edses.<\/p>\n\n\n\n<p>LAS OMISIONES<\/p>\n\n\n\n<p>El presidente Andr\u00e9s Manuel L\u00f3pez Obrador present\u00f3 su Cuarto Informe de Gobierno este jueves 1 de septiembre. En este mencion\u00f3 diversos puntos relacionados con las obras de su gobierno, as\u00ed como los avances en su gesti\u00f3n&#8230; pero omiti\u00f3 temas que han sacudido la vida nacional en las \u00faltimas semanas.<\/p>\n\n\n\n<p>A lo largo del discurso, el mandatario no mencion\u00f3 asuntos referentes a la violencia en el pa\u00eds, aunque asever\u00f3 que durante su sexenio se ha bajado la cifra de homicidios, mientras que en los gobiernos de Vicente Fox (2000-2006), Felipe Calder\u00f3n (2006-2012) y Enrique Pe\u00f1a Nieto (2012-2018), estos cr\u00edmenes subieron.<\/p>\n\n\n\n<p>Ya de paso, asegur\u00f3 que \u201calgunos no saben o tienen una percepci\u00f3n distinta por la campa\u00f1a amarillista por medios que act\u00faan en favor de nuestros adversarios, pero con datos del Instituto Nacional de Estad\u00edstica y Geograf\u00eda (Inegi) podemos decir que se redujeron los homicidios\u201d.<\/p>\n\n\n\n<p>Cuando solt\u00f3 n\u00fameros referentes a la violencia que vive el pa\u00eds, L\u00f3pez Obrador asegur\u00f3 que se estaba reduciendo la incidencia delictiva, y que esperaba que esta declaraci\u00f3n llegara a la mayor\u00eda de personas posibles, ya que \u201cla paz es fruto de la justicia, y que la clave est\u00e1 en la atenci\u00f3n a los j\u00f3venes y a la poblaci\u00f3n m\u00e1s vulnerable y a los marginados de los beneficios del desarrollo\u201d.<\/p>\n\n\n\n<p>(Informaci\u00f3n de \u201cEl Financiero\u201d)<\/p>\n","protected":false},"excerpt":{"rendered":"<p>Redacci\u00f3n\/Zona Roja Cdmx. Ciudad de M\u00e9xico, a 2 de septiembre de 2022.- Las cuentas que&hellip;<\/p>\n","protected":false},"author":2,"featured_media":45338,"comment_status":"closed","ping_status":"open","sticky":false,"template":"","format":"standard","meta":{"_lmt_disableupdate":"","_lmt_disable":"","_jetpack_memberships_contains_paid_content":false,"footnotes":""},"categories":[109,47],"tags":[143],"class_list":["post-45334","post","type-post","status-publish","format-standard","has-post-thumbnail","hentry","category-minuto-a-minuto","category-zona-gris","tag-andres-manuel-lopez-obrador"],"jetpack_featured_media_url":"https:\/\/zonaroja.com.mx\/wp-content\/uploads\/2022\/09\/Informe-Andres-Manuel-Lopez-Obrador.jpg","jetpack_sharing_enabled":true,"_links":{"self":[{"href":"https:\/\/zonaroja.com.mx\/index.php?rest_route=\/wp\/v2\/posts\/45334","targetHints":{"allow":["GET"]}}],"collection":[{"href":"https:\/\/zonaroja.com.mx\/index.php?rest_route=\/wp\/v2\/posts"}],"about":[{"href":"https:\/\/zonaroja.com.mx\/index.php?rest_route=\/wp\/v2\/types\/post"}],"author":[{"embeddable":true,"href":"https:\/\/zonaroja.com.mx\/index.php?rest_route=\/wp\/v2\/users\/2"}],"replies":[{"embeddable":true,"href":"https:\/\/zonaroja.com.mx\/index.php?rest_route=%2Fwp%2Fv2%2Fcomments&post=45334"}],"version-history":[{"count":1,"href":"https:\/\/zonaroja.com.mx\/index.php?rest_route=\/wp\/v2\/posts\/45334\/revisions"}],"predecessor-version":[{"id":45339,"href":"https:\/\/zonaroja.com.mx\/index.php?rest_route=\/wp\/v2\/posts\/45334\/revisions\/45339"}],"wp:featuredmedia":[{"embeddable":true,"href":"https:\/\/zonaroja.com.mx\/index.php?rest_route=\/wp\/v2\/media\/45338"}],"wp:attachment":[{"href":"https:\/\/zonaroja.com.mx\/index.php?rest_route=%2Fwp%2Fv2%2Fmedia&parent=45334"}],"wp:term":[{"taxonomy":"category","embeddable":true,"href":"https:\/\/zonaroja.com.mx\/index.php?rest_route=%2Fwp%2Fv2%2Fcategories&post=45334"},{"taxonomy":"post_tag","embeddable":true,"href":"https:\/\/zonaroja.com.mx\/index.php?rest_route=%2Fwp%2Fv2%2Ftags&post=45334"}],"curies":[{"name":"wp","href":"https:\/\/api.w.org\/{rel}","templated":true}]}}