{"id":45340,"date":"2022-09-02T10:35:00","date_gmt":"2022-09-02T15:35:00","guid":{"rendered":"http:\/\/www.zonaroja.com.mx\/?p=45340"},"modified":"2022-09-02T07:35:34","modified_gmt":"2022-09-02T12:35:34","slug":"centenario-de-la-constitucion-de-oaxaca-libro-que-aporta-a-la-reflexion","status":"publish","type":"post","link":"https:\/\/zonaroja.com.mx\/?p=45340","title":{"rendered":"\u201cCentenario de la Constituci\u00f3n de Oaxaca\u201d, libro que aporta a la reflexi\u00f3n"},"content":{"rendered":"\n<p>Redacci\u00f3n\/Zona Roja.<\/p>\n\n\n\n<p>El&nbsp;libro&nbsp;\u201cCentenario de la Constituci\u00f3n de Oaxaca. Estudios Acad\u00e9micos Conmemorativos\u201d,&nbsp;es una obra extraordinaria&nbsp;que re\u00fane&nbsp;art\u00edculos y ensayos de m\u00e1s de 30 reconocidos acad\u00e9micos y expertos constitucionalistas, en una gama de visiones que aportan a la reflexi\u00f3n del conocimiento en torno a la norma suprema oaxaque\u00f1a, afirm\u00f3 el titular del Poder Judicial del Estado, magistrado Eduardo Pinacho S\u00e1nchez.&nbsp;&nbsp;<\/p>\n\n\n\n<p>En su intervenci\u00f3n&nbsp;en el marco de la presentaci\u00f3n del texto&nbsp;publicado&nbsp;en colaboraci\u00f3n con&nbsp;la Editorial&nbsp;Tirant&nbsp;Lo Blanch, la cual se realiz\u00f3 en el&nbsp;auditorio \u201cBenito Ju\u00e1rez\u201d del edificio de los Juzgados Civiles y Familiares del Centro,&nbsp;destac\u00f3 el impulso que su administraci\u00f3n ha puesto en la preparaci\u00f3n, capacitaci\u00f3n y especializaci\u00f3n de las y los servidores judiciales, por lo cual est\u00e1 por iniciar&nbsp;la maestr\u00eda en Derecho Judicial con la Universidad de Perugia, Italia.&nbsp;<\/p>\n\n\n\n<p>Ante&nbsp;la directora de Tirant M\u00e9xico, Mar\u00eda&nbsp;Goerlich&nbsp;Le\u00f3n; la presidenta&nbsp;de la Mesa Directiva de la LXV Legislatura&nbsp;del&nbsp;Congreso&nbsp;del Estado, diputada Mariana Ben\u00edtez Tiburcio;&nbsp;el profesor-investigador y consultor internacional en Materia Constitucional, Electoral y de Transparencia, doctor Ra\u00fal \u00c1vila Ortiz; la directora de la Casa de la Cultura Jur\u00eddica,&nbsp;M\u00f3nica Z\u00e1rate&nbsp;Apak&nbsp;as\u00ed como los&nbsp;juristas Rodolfo Moreno Cruz y Francisco Mart\u00ednez S\u00e1nchez, el titular del Poder Judicial se refiri\u00f3 al programa editorial del que forma parte la coedici\u00f3n del libro.<\/p>\n\n\n\n<p>Mencion\u00f3 que&nbsp;este a\u00f1o&nbsp;se han publicado&nbsp;tambi\u00e9n&nbsp;las obras&nbsp;Constitucionalismo multinivel, argumentaci\u00f3n, deontolog\u00eda y otros temas jur\u00eddicos, del&nbsp;doctor en Derecho y en Estudios Pol\u00edticos Eduardo&nbsp;de Jes\u00fas Castellanos Hern\u00e1ndez, as\u00ed como el&nbsp;Protocolo para la Armonizaci\u00f3n y Coordinaci\u00f3n entre jurisdicciones&nbsp;estatal e ind\u00edgena&nbsp;afromexicana, a las que se suma ahora el&nbsp;libro \u201cCentenario de la Constituci\u00f3n de Oaxaca. Estudios Acad\u00e9micos Conmemorativos\u201d.<\/p>\n\n\n\n<p>En los comentarios del libro se destac\u00f3 la valiosa aportaci\u00f3n&nbsp;e impacto que tiene al reunir&nbsp;una serie de estudios de car\u00e1cter acad\u00e9mico con sentido propositivo que ser\u00e1n fuente de consulta<\/p>\n","protected":false},"excerpt":{"rendered":"<p>Redacci\u00f3n\/Zona Roja. El&nbsp;libro&nbsp;\u201cCentenario de la Constituci\u00f3n de Oaxaca. Estudios Acad\u00e9micos Conmemorativos\u201d,&nbsp;es una obra extraordinaria&nbsp;que re\u00fane&nbsp;art\u00edculos&hellip;<\/p>\n","protected":false},"author":2,"featured_media":45335,"comment_status":"closed","ping_status":"open","sticky":false,"template":"","format":"standard","meta":{"_lmt_disableupdate":"","_lmt_disable":"","_jetpack_memberships_contains_paid_content":false,"footnotes":""},"categories":[109,46],"tags":[223],"class_list":["post-45340","post","type-post","status-publish","format-standard","has-post-thumbnail","hentry","category-minuto-a-minuto","category-zona-blanca","tag-poder-judicial-de-oaxaca"],"jetpack_featured_media_url":"https:\/\/zonaroja.com.mx\/wp-content\/uploads\/2022\/09\/Con-exito-se-presento-la-obra-juridica.jpg","jetpack_sharing_enabled":true,"_links":{"self":[{"href":"https:\/\/zonaroja.com.mx\/index.php?rest_route=\/wp\/v2\/posts\/45340","targetHints":{"allow":["GET"]}}],"collection":[{"href":"https:\/\/zonaroja.com.mx\/index.php?rest_route=\/wp\/v2\/posts"}],"about":[{"href":"https:\/\/zonaroja.com.mx\/index.php?rest_route=\/wp\/v2\/types\/post"}],"author":[{"embeddable":true,"href":"https:\/\/zonaroja.com.mx\/index.php?rest_route=\/wp\/v2\/users\/2"}],"replies":[{"embeddable":true,"href":"https:\/\/zonaroja.com.mx\/index.php?rest_route=%2Fwp%2Fv2%2Fcomments&post=45340"}],"version-history":[{"count":1,"href":"https:\/\/zonaroja.com.mx\/index.php?rest_route=\/wp\/v2\/posts\/45340\/revisions"}],"predecessor-version":[{"id":45341,"href":"https:\/\/zonaroja.com.mx\/index.php?rest_route=\/wp\/v2\/posts\/45340\/revisions\/45341"}],"wp:featuredmedia":[{"embeddable":true,"href":"https:\/\/zonaroja.com.mx\/index.php?rest_route=\/wp\/v2\/media\/45335"}],"wp:attachment":[{"href":"https:\/\/zonaroja.com.mx\/index.php?rest_route=%2Fwp%2Fv2%2Fmedia&parent=45340"}],"wp:term":[{"taxonomy":"category","embeddable":true,"href":"https:\/\/zonaroja.com.mx\/index.php?rest_route=%2Fwp%2Fv2%2Fcategories&post=45340"},{"taxonomy":"post_tag","embeddable":true,"href":"https:\/\/zonaroja.com.mx\/index.php?rest_route=%2Fwp%2Fv2%2Ftags&post=45340"}],"curies":[{"name":"wp","href":"https:\/\/api.w.org\/{rel}","templated":true}]}}