{"id":4535,"date":"2019-10-04T07:46:27","date_gmt":"2019-10-04T12:46:27","guid":{"rendered":"http:\/\/www.zonaroja.com.mx\/?p=4535"},"modified":"2019-10-04T07:46:31","modified_gmt":"2019-10-04T12:46:31","slug":"investiga-la-uif-a-medina-mora-ministro-que-renuncio-a-la-scjn","status":"publish","type":"post","link":"https:\/\/zonaroja.com.mx\/?p=4535","title":{"rendered":"Investiga la UIF a Medina Mora, ministro que renunci\u00f3 a la SCJN"},"content":{"rendered":"\n<p>Redacci\u00f3n\/Zona Roja.<\/p>\n\n\n\n<p>Ciudad de M\u00e9xico, 4 de octubre de 2019.-\nLa Unidad de Inteligencia Financiera (UIF) de la Secretar\u00eda de Hacienda y\nCr\u00e9dito P\u00fablico investiga a Eduardo Medina Mora por presuntas irregularidades\nbancarias, quien ayer present\u00f3 su renuncia como ministro de la Suprema Corte de\nJusticia de la Naci\u00f3n.<\/p>\n\n\n\n<p>Hace cuatro meses se hicieron p\u00fablicas\nsupuestas transferencias de Medina Mora a cuentas bancarias en Estados Unidos y\nReino Unido por 103 millones de pesos.<\/p>\n\n\n\n<p>La dimisi\u00f3n es un hecho in\u00e9dito en la\nhistoria reciente del Poder Judicial y ya fue aceptada por el Presidente de la\nRep\u00fablica, Andr\u00e9s Manuel L\u00f3pez Obrador y enviada al Senado.<\/p>\n\n\n\n<p>Se trata de la primera renuncia de un\nministro de la Corte desde la hist\u00f3rica reforma al Poder Judicial de la\nFederaci\u00f3n de 1994, que modific\u00f3 la integraci\u00f3n de la Suprema Corte y disminuy\u00f3\nel n\u00famero de sus integrantes a 11.<\/p>\n\n\n\n<p>Por la noche, el presidente de la Junta\nde Coordinaci\u00f3n Pol\u00edtica del Senado, Ricardo Monreal, confirm\u00f3 que el\nPresidente hab\u00eda aceptado la renuncia de Medina Mora: \u201cEl presidente de la\nRep\u00fablica, Andr\u00e9s Manuel L\u00f3pez Obrador ha aceptado la renuncia del ministro\nEduardo Medina Mora.<\/p>\n\n\n\n<p>M\u00e1s tarde, la secretaria de Gobernaci\u00f3n, Olga S\u00e1nchez Cordero, envi\u00f3 al Senado el oficio mediante el cual le comunica que el Presidente de la Rep\u00fablica acept\u00f3 la renuncia del Medina Mora, impulsado por el entonces Presidente Enrique Pe\u00f1a Nieto para ocupar el cargo.<\/p>\n\n\n\n<p>DESENCUENTROS<\/p>\n\n\n\n<p>De acuerdo con un el diario \u201cExcelsior\u201d,\nen febrero pasado, tras se\u00f1alar que el Poder Judicial de la Federaci\u00f3n es la\nmejor instituci\u00f3n del Estado mexicano, Medina Mora puntualiz\u00f3 que a los jueces\nno les corresponde ser oposici\u00f3n, pero s\u00ed ser un poder equilibrador por lo que\nla construcci\u00f3n del Estado de derecho implica la salvaguarda de la divisi\u00f3n de\npoderes.<\/p>\n\n\n\n<p>El primer desencuentro entre el Presidente\ny Medina Mora fue a ra\u00edz de un proyecto de sentencia en el que se propon\u00eda la\ndevoluci\u00f3n a exaccionistas de Grupo Modelo de una cantidad millonaria de pesos\npor concepto de ISR.<\/p>\n\n\n\n<p>Posteriormente, fue exhibido en la\nfiesta por la boda de la hija de Juan Collado, en donde departi\u00f3 con el\nexpresidente Enrique Pe\u00f1a Nieto, exfuncionarios federales y algunos integrantes\nde la Suprema Corte.<\/p>\n\n\n\n<p>A esto sigui\u00f3 la denuncia medi\u00e1tica por\nirregularidades en transferencias bancarias de cuentas en Reino Unido y Estados\nUnidos, lo cual fue desmentido por el propio ministro mediante una carta\naclaratoria sobre su situaci\u00f3n financiera.<\/p>\n\n\n\n<p>FALLOS<\/p>\n\n\n\n<p>Desde su llegada en marzo de 2015 al\nalto tribunal, ha sido considerado como un ministro liberal en materia de\nderechos humanos, con votos que beneficiaron a los matrimonios igualitarios, la\ninterrupci\u00f3n del embarazo y el consumo l\u00fadico de la mariguana; sin embargo, fue\ntildado de conservador en temas laborales y administrativos. Llev\u00f3 casi 4 mil\nasuntos en cuatro a\u00f1os.<\/p>\n\n\n\n<p>El 29 de octubre del a\u00f1o pasado, al\nadmitir a tr\u00e1mite una controversia constitucional del Ejecutivo federal, Medina\nMora congel\u00f3 cualquier presunta investigaci\u00f3n del gobierno de Chihuahua en\ncontra del presidente Enrique Pe\u00f1a Nieto y otros funcionarios federales.<\/p>\n\n\n\n<p>Un caso hist\u00f3rico en la Corte fue el\ndel amparo a Carlos, un menor de edad que requiere de cannabis medicinal, para\nque se le brinde tratamiento m\u00e9dico. Medina Mora sigui\u00f3 personalmente el caso.<\/p>\n\n\n\n<p>Tras ser nominado por el entonces\npresidente Enrique Pe\u00f1a Nieto y calificado como un ministro de corte\nconservador, aplaudido por grupos religiosos y de derecha, Medina Mora\nsorprendi\u00f3 con su voto que benefici\u00f3 a parejas homosexuales.<\/p>\n\n\n\n<p>Lo mismo hizo con su voto relacionado\ncon el aborto por violaci\u00f3n: \u201cLa materia de la cual se desprende esta norma, me\nparece que atiende una realidad dram\u00e1tica en el pa\u00eds, en funci\u00f3n de que, cuando\nhay esta circunstancia de violaci\u00f3n, sobre todo en menores, en muchos casos,\nsobre todo en el sector rural, los activos de estos delitos son personas muy\ncercanas a las v\u00edctimas y, por consecuencia, hay un desincentivo dram\u00e1tico para\npresentar las denuncias\u201d.<\/p>\n\n\n\n<p>A ra\u00edz de un proyecto suyo, la Corte\nimpidi\u00f3 a los servidores p\u00fablicos bloquear en sus cuentas de Twitter a los\nciudadanos.<\/p>\n\n\n\n<p>CARRERA METE\u00d3RICA <\/p>\n\n\n\n<p>Eduardo Medina Mora Icaza empez\u00f3 a\ntrabajar en la administraci\u00f3n p\u00fablica cuando ten\u00eda 20 a\u00f1os de edad, ahora tiene\n62. Cuando cumpli\u00f3 43 a\u00f1os, en el 2000, la carrera en la pol\u00edtica de Medina\nMora tuvo un despegue mete\u00f3rico. Fue director del Centro de Investigaci\u00f3n y\nSeguridad Nacional (Cisen); secretario de Seguridad P\u00fablica Federal; procurador\nGeneral de la Rep\u00fablica; embajador en Reino Unido y Estados Unidos.<\/p>\n\n\n\n<p>La carrera mete\u00f3rica de Medina Mora\nIcaza, termina 19 a\u00f1os despu\u00e9s como ministro de la Corte, envuelta en un\nesc\u00e1ndalo de dinero. Hace cuatro meses se hicieron p\u00fablicas supuestas\ntransferencias de Medina Mora a cuentas bancarias en Estados Unidos y Reino\nUnido por 103 millones de pesos.<\/p>\n\n\n\n<p>Adem\u00e1s del caso de Atenco, en mayo de\n2006, un asunto de espionaje que estall\u00f3 en territorio mexiquense acerc\u00f3 al\nprocurador Medina Mora y al gobernador Pe\u00f1a Nieto, tanto en el trabajo como en\nlo personal.<\/p>\n","protected":false},"excerpt":{"rendered":"<p>Redacci\u00f3n\/Zona Roja. Ciudad de M\u00e9xico, 4 de octubre de 2019.- La Unidad de Inteligencia Financiera&hellip;<\/p>\n","protected":false},"author":2,"featured_media":4536,"comment_status":"closed","ping_status":"open","sticky":false,"template":"","format":"standard","meta":{"_lmt_disableupdate":"","_lmt_disable":"","_jetpack_memberships_contains_paid_content":false,"footnotes":""},"categories":[109,47],"tags":[810,811],"class_list":["post-4535","post","type-post","status-publish","format-standard","has-post-thumbnail","hentry","category-minuto-a-minuto","category-zona-gris","tag-eduardo-medina-mora","tag-suprema-corte-de-justicia-de-la-nacion"],"jetpack_featured_media_url":"https:\/\/zonaroja.com.mx\/wp-content\/uploads\/2019\/10\/Medina-Mora.jpg","jetpack_sharing_enabled":true,"_links":{"self":[{"href":"https:\/\/zonaroja.com.mx\/index.php?rest_route=\/wp\/v2\/posts\/4535","targetHints":{"allow":["GET"]}}],"collection":[{"href":"https:\/\/zonaroja.com.mx\/index.php?rest_route=\/wp\/v2\/posts"}],"about":[{"href":"https:\/\/zonaroja.com.mx\/index.php?rest_route=\/wp\/v2\/types\/post"}],"author":[{"embeddable":true,"href":"https:\/\/zonaroja.com.mx\/index.php?rest_route=\/wp\/v2\/users\/2"}],"replies":[{"embeddable":true,"href":"https:\/\/zonaroja.com.mx\/index.php?rest_route=%2Fwp%2Fv2%2Fcomments&post=4535"}],"version-history":[{"count":1,"href":"https:\/\/zonaroja.com.mx\/index.php?rest_route=\/wp\/v2\/posts\/4535\/revisions"}],"predecessor-version":[{"id":4537,"href":"https:\/\/zonaroja.com.mx\/index.php?rest_route=\/wp\/v2\/posts\/4535\/revisions\/4537"}],"wp:featuredmedia":[{"embeddable":true,"href":"https:\/\/zonaroja.com.mx\/index.php?rest_route=\/wp\/v2\/media\/4536"}],"wp:attachment":[{"href":"https:\/\/zonaroja.com.mx\/index.php?rest_route=%2Fwp%2Fv2%2Fmedia&parent=4535"}],"wp:term":[{"taxonomy":"category","embeddable":true,"href":"https:\/\/zonaroja.com.mx\/index.php?rest_route=%2Fwp%2Fv2%2Fcategories&post=4535"},{"taxonomy":"post_tag","embeddable":true,"href":"https:\/\/zonaroja.com.mx\/index.php?rest_route=%2Fwp%2Fv2%2Ftags&post=4535"}],"curies":[{"name":"wp","href":"https:\/\/api.w.org\/{rel}","templated":true}]}}