{"id":45351,"date":"2022-09-02T10:07:00","date_gmt":"2022-09-02T15:07:00","guid":{"rendered":"http:\/\/www.zonaroja.com.mx\/?p=45351"},"modified":"2022-09-02T08:09:49","modified_gmt":"2022-09-02T13:09:49","slug":"aprueba-ieepco-fortalecer-difusion-sobre-nombramientos-de-autoridades-por-sni","status":"publish","type":"post","link":"https:\/\/zonaroja.com.mx\/?p=45351","title":{"rendered":"Aprueba IEEPCO fortalecer difusi\u00f3n sobre nombramientos de autoridades por SNI"},"content":{"rendered":"\n<p>Redacci\u00f3n\/Zona Roja.<\/p>\n\n\n\n<p>Oaxaca de Ju\u00e1rez, Oax., a 2 de septiembre de 2022.- El Consejo General del Instituto Estatal Electoral y de Participaci\u00f3n Ciudadana de Oaxaca (IEEPCO) aprob\u00f3, por unanimidad de votos, el acuerdo por el que se aprueba solicitar al Instituto Nacional Electoral (INE) una mayor asignaci\u00f3n de tiempo de radio y televisi\u00f3n, con la finalidad de fortalecer la difusi\u00f3n de promocionales relacionados con los procesos de nombramientos de autoridades en Sistemas Normativos Ind\u00edgenas (SNI).&nbsp; &nbsp;<\/p>\n\n\n\n<p>Lo anterior, mediante la aplicaci\u00f3n del art\u00edculo 52, numeral 3 del Reglamento de Radio y Televisi\u00f3n en materia electoral y del considerando 19 del Acuerdo INE\/CG423\/2022 del Consejo General del INE para la asignaci\u00f3n de tiempo en radio y televisi\u00f3n. &nbsp;<\/p>\n\n\n\n<p>La consejera presidenta del \u00f3rgano electoral local, Elizabeth S\u00e1nchez Gonz\u00e1lez, asegur\u00f3 que el aumento de tiempo solicitado para los pr\u00f3ximos meses servir\u00e1 para fomentar la inclusi\u00f3n de las mujeres en la vida pol\u00edtica de los municipios que cuentan con formas propias de elecci\u00f3n de autoridades; adem\u00e1s de sensibilizar a las comunidades sobre la importancia de proponer y nombrar mujeres para integrar los Cabildos en igualdad de condiciones y en ambientes libres de violencia. &nbsp;<\/p>\n\n\n\n<p>Explic\u00f3 que, aunque la normatividad lo permite, ning\u00fan Organismo P\u00fablico Local ha solicitado su aplicaci\u00f3n en beneficio de las comunidades que se rigen por Sistemas Normativos Ind\u00edgenas, de ah\u00ed que la iniciativa del IEEPCO generar\u00e1 un precedente que servir\u00e1, incluso, para que otras autoridades electorales locales hagan uso del mismo mecanismo. &nbsp;<\/p>\n\n\n\n<p>La propuesta emanada de la Presidencia del \u00f3rgano electoral local fue celebrada de forma expresa por las consejeras electorales Jessica Jazibe Hern\u00e1ndez Garc\u00eda, Nayma Enr\u00edquez Estrada y Zaira Alhel\u00ed Hip\u00f3lito L\u00f3pez; los consejeros electorales Alejandro Carrasco Sampedro y Wilfrido Lulio Almaraz Santib\u00e1\u00f1ez; adem\u00e1s fue respaldada por las representaciones de los partidos pol\u00edticos Nueva Alianza, PUP, Morena y PRI quienes reconocieron la trascendencia de la misma y se pronunciaron porque sea permanente en beneficio de los pueblos y comunidades ind\u00edgenas.&nbsp; &nbsp;<\/p>\n\n\n\n<p>Durante su intervenci\u00f3n, la consejera electoral, Jessica Jazibe Hern\u00e1ndez Garc\u00eda, agradeci\u00f3 la previa resoluci\u00f3n del Comit\u00e9 de Radio y Televisi\u00f3n del INE, misma que abre la posibilidad de conceder mayor tiempo de difusi\u00f3n a los materiales realizados por el IEEPCO en torno a los nombramientos de autoridades en los municipios regidos por SIN y el fortalecimiento de la participaci\u00f3n de las mujeres.&nbsp;<\/p>\n\n\n\n<p>Por su parte el consejero electoral, Wilfrido Lulio Almaraz Santib\u00e1\u00f1ez, destac\u00f3 el impulso que la presidencia del Instituto ha dado en los trabajos que se realizan en materia de Sistemas Normativos Ind\u00edgenas, y asegur\u00f3 que ser\u00e1 la primera vez que el \u00f3rgano electoral local realizar\u00e1 una difusi\u00f3n tan amplia de los procesos de elecci\u00f3n en los 415 de 417 municipios que este a\u00f1o nombran a sus autoridades.&nbsp;<\/p>\n\n\n\n<p>En su oportunidad, la consejera electoral, Nayma Enr\u00edquez Estrada, destac\u00f3 la relevancia de la iniciativa y coincidi\u00f3 en que representa un precedente que debe convertirse en pol\u00edtica p\u00fablica a favor de la participaci\u00f3n de las mujeres ind\u00edgenas en condiciones de igualdad y en contextos libres de violencia al interior de las comunidades y pueblos que nombran a sus autoridades bajo sus propias formas. &nbsp;<\/p>\n\n\n\n<p>En este mismo sentido, el consejero electoral, Alejandro Carrasco Sampedro se sum\u00f3 a la celebraci\u00f3n de la iniciativa, misma que dijo ser\u00e1 una oportunidad para que el \u00f3rgano electoral ampl\u00ede sus esfuerzos en materia de difusi\u00f3n; adem\u00e1s indic\u00f3 que en su calidad de presidente de la Comisi\u00f3n Temporal de Comunicaci\u00f3n se mantendr\u00e1 al pendiente que los materiales sean de calidad y se logre el alcance planteado. &nbsp;<\/p>\n\n\n\n<p>Finalmente, la consejera electoral Zaira Alhel\u00ed Hip\u00f3lito L\u00f3pez, agradeci\u00f3 a la Presidencia por involucrar al Consejo General en la iniciativa y destac\u00f3 el papel fundamental que jugar\u00e1n las radios comunitarias en la difusi\u00f3n de los mensajes construidos desde el Instituto.&nbsp; &nbsp;<\/p>\n\n\n\n<p>En la sesi\u00f3n extraordinaria urgente de este jueves tambi\u00e9n estuvo presente la consejera electoral Carmelita Sibaja Ochoa; la encargada de despacho de Secretar\u00eda Ejecutiva, Norma Isabel Jim\u00e9nez L\u00f3pez; y las representaciones de los partidos PAN, PRD, Movimiento Ciudadano y Fuerza por M\u00e9xico.&nbsp;<\/p>\n","protected":false},"excerpt":{"rendered":"<p>Redacci\u00f3n\/Zona Roja. Oaxaca de Ju\u00e1rez, Oax., a 2 de septiembre de 2022.- El Consejo General&hellip;<\/p>\n","protected":false},"author":2,"featured_media":45326,"comment_status":"closed","ping_status":"open","sticky":false,"template":"","format":"standard","meta":{"_lmt_disableupdate":"","_lmt_disable":"","_jetpack_memberships_contains_paid_content":false,"footnotes":""},"categories":[109,46],"tags":[2932],"class_list":["post-45351","post","type-post","status-publish","format-standard","has-post-thumbnail","hentry","category-minuto-a-minuto","category-zona-blanca","tag-instituto-estatal-electoral-y-de-participacion-ciudadana-de-oaxaca-ieepco"],"jetpack_featured_media_url":"https:\/\/zonaroja.com.mx\/wp-content\/uploads\/2022\/09\/Sesion-extraordinaria-IEEPCO.jpg","jetpack_sharing_enabled":true,"_links":{"self":[{"href":"https:\/\/zonaroja.com.mx\/index.php?rest_route=\/wp\/v2\/posts\/45351","targetHints":{"allow":["GET"]}}],"collection":[{"href":"https:\/\/zonaroja.com.mx\/index.php?rest_route=\/wp\/v2\/posts"}],"about":[{"href":"https:\/\/zonaroja.com.mx\/index.php?rest_route=\/wp\/v2\/types\/post"}],"author":[{"embeddable":true,"href":"https:\/\/zonaroja.com.mx\/index.php?rest_route=\/wp\/v2\/users\/2"}],"replies":[{"embeddable":true,"href":"https:\/\/zonaroja.com.mx\/index.php?rest_route=%2Fwp%2Fv2%2Fcomments&post=45351"}],"version-history":[{"count":1,"href":"https:\/\/zonaroja.com.mx\/index.php?rest_route=\/wp\/v2\/posts\/45351\/revisions"}],"predecessor-version":[{"id":45352,"href":"https:\/\/zonaroja.com.mx\/index.php?rest_route=\/wp\/v2\/posts\/45351\/revisions\/45352"}],"wp:featuredmedia":[{"embeddable":true,"href":"https:\/\/zonaroja.com.mx\/index.php?rest_route=\/wp\/v2\/media\/45326"}],"wp:attachment":[{"href":"https:\/\/zonaroja.com.mx\/index.php?rest_route=%2Fwp%2Fv2%2Fmedia&parent=45351"}],"wp:term":[{"taxonomy":"category","embeddable":true,"href":"https:\/\/zonaroja.com.mx\/index.php?rest_route=%2Fwp%2Fv2%2Fcategories&post=45351"},{"taxonomy":"post_tag","embeddable":true,"href":"https:\/\/zonaroja.com.mx\/index.php?rest_route=%2Fwp%2Fv2%2Ftags&post=45351"}],"curies":[{"name":"wp","href":"https:\/\/api.w.org\/{rel}","templated":true}]}}