{"id":45358,"date":"2022-09-02T15:28:11","date_gmt":"2022-09-02T20:28:11","guid":{"rendered":"http:\/\/www.zonaroja.com.mx\/?p=45358"},"modified":"2022-09-02T15:28:12","modified_gmt":"2022-09-02T20:28:12","slug":"advierten-de-lluvias-torrenciales-en-regiones-de-chiapas-y-oaxaca","status":"publish","type":"post","link":"https:\/\/zonaroja.com.mx\/?p=45358","title":{"rendered":"Advierten de lluvias torrenciales en regiones de Chiapas y Oaxaca"},"content":{"rendered":"\n<p>Redacci\u00f3n\/Zona Roja.<\/p>\n\n\n\n<p>Oaxaca de Ju\u00e1rez, Oax., a 2 de septiembre de 2022.- Para hoy viernes, se pronostican lluvias puntuales torrenciales (de 150 a 250 mil\u00edmetros [mm]) en regiones de Chiapas y Oaxaca.<\/p>\n\n\n\n<p>Intensas (de 75 a 150 mm) en zonas de Baja California Sur, Guerrero, Tabasco y Veracruz; muy fuertes (de 50 a 75 mm) en \u00e1reas de Campeche, Chihuahua, Durango, Estado de M\u00e9xico, Jalisco, Michoac\u00e1n, Morelos, Nayarit, Puebla, Quintana Roo y Sinaloa.<\/p>\n\n\n\n<p>Fuertes (de 25 a 50 mm) en sitios de Baja California, Ciudad de M\u00e9xico, Coahuila,&nbsp;Colima, Nuevo Le\u00f3n, San Luis Potos\u00ed, Sonora, Tamaulipas, Yucat\u00e1n y Zacatecas; intervalos de chubascos (de 5 a 25 mm) en Hidalgo, Quer\u00e9taro y Tlaxcala, y lluvias aisladas (de 0.1 a 5 mm) en Aguascalientes y Guanajuato.<\/p>\n\n\n\n<p>Las precipitaciones ser\u00e1n con descargas el\u00e9ctricas, vientos fuertes y posibles granizadas, y podr\u00edan ocasionar deslaves, incremento en los niveles de r\u00edos y arroyos, desbordamientos e inundaciones en zonas bajas de los estados mencionados, por lo que se exhorta a la poblaci\u00f3n a atender los avisos del Servicio Meteorol\u00f3gico Nacional de la Comisi\u00f3n Nacional del Agua, y seguir las indicaciones de las autoridades estatales, municipales y de Protecci\u00f3n Civil.&nbsp;<\/p>\n\n\n\n<p>Las lluvias, vientos y oleaje ser\u00e1n generados por la&nbsp;tormenta tropical \u201cJavier\u201d&nbsp;que se ubicar\u00e1 al oeste de Baja California Sur; el&nbsp;monz\u00f3n mexicano&nbsp;posicionado sobre el noroeste de la Rep\u00fablica Mexicana; una&nbsp;zona de&nbsp;baja presi\u00f3n con alta probabilidad para desarrollo cicl\u00f3nico&nbsp;en el sur del Golfo de Tehuantepec; las&nbsp;ondas tropicales 25 y 26&nbsp;sobre el centro y sur del territorio nacional; respetivamente,&nbsp;canales de baja presi\u00f3n&nbsp;extendidos sobre diferentes regiones del pa\u00eds, y el ingreso de humedad proveniente del Oc\u00e9ano Pac\u00edfico, Golfo de M\u00e9xico y Mar Caribe.<\/p>\n\n\n\n<p>A las 07:00 horas, tiempo del centro de M\u00e9xico, la tormenta tropical \u201cJavier\u201d se localiz\u00f3 aproximadamente a 360 kil\u00f3metros (km) al sur-suroeste de Cabo San Lucas, Baja California Sur, con vientos m\u00e1ximos sostenidos de 65 km\/h, rachas de 85 km\/h y se desplaza hacia el noroeste a 17 km\/h. A la navegaci\u00f3n mar\u00edtima en las inmediaciones del sistema se le hace un llamado a extremar precauciones por condiciones de vientos fuertes y oleaje elevado.<\/p>\n\n\n\n<p>En la misma cuenca del Pac\u00edfico, se mantiene la vigilancia sobre una zona de baja presi\u00f3n con 50% de probabilidad para desarrollo cicl\u00f3nico en el pron\u00f3stico a 48 horas; esta ma\u00f1ana se ubic\u00f3 aproximadamente a 270 km al sur de Puerto \u00c1ngel, Oaxaca y se mueve hacia el oeste.&nbsp;<\/p>\n\n\n\n<p>Se recomienda a la poblaci\u00f3n tomar medidas preventivas como evitar la exposici\u00f3n prolongada a la radiaci\u00f3n solar, hidratarse adecuadamente, poner especial atenci\u00f3n a enfermos cr\u00f3nicos, ni\u00f1os y adultos mayores, as\u00ed como atender las indicaciones de las autoridades del sector Salud y de Protecci\u00f3n Civil.&nbsp;<\/p>\n","protected":false},"excerpt":{"rendered":"<p>Redacci\u00f3n\/Zona Roja. Oaxaca de Ju\u00e1rez, Oax., a 2 de septiembre de 2022.- Para hoy viernes,&hellip;<\/p>\n","protected":false},"author":2,"featured_media":45359,"comment_status":"closed","ping_status":"open","sticky":false,"template":"","format":"standard","meta":{"_lmt_disableupdate":"","_lmt_disable":"","_jetpack_memberships_contains_paid_content":false,"footnotes":""},"categories":[109,47],"tags":[],"class_list":["post-45358","post","type-post","status-publish","format-standard","has-post-thumbnail","hentry","category-minuto-a-minuto","category-zona-gris"],"jetpack_featured_media_url":"https:\/\/zonaroja.com.mx\/wp-content\/uploads\/2022\/09\/Conagua-clima-tormentas-Oaxaca.jpeg","jetpack_sharing_enabled":true,"_links":{"self":[{"href":"https:\/\/zonaroja.com.mx\/index.php?rest_route=\/wp\/v2\/posts\/45358","targetHints":{"allow":["GET"]}}],"collection":[{"href":"https:\/\/zonaroja.com.mx\/index.php?rest_route=\/wp\/v2\/posts"}],"about":[{"href":"https:\/\/zonaroja.com.mx\/index.php?rest_route=\/wp\/v2\/types\/post"}],"author":[{"embeddable":true,"href":"https:\/\/zonaroja.com.mx\/index.php?rest_route=\/wp\/v2\/users\/2"}],"replies":[{"embeddable":true,"href":"https:\/\/zonaroja.com.mx\/index.php?rest_route=%2Fwp%2Fv2%2Fcomments&post=45358"}],"version-history":[{"count":1,"href":"https:\/\/zonaroja.com.mx\/index.php?rest_route=\/wp\/v2\/posts\/45358\/revisions"}],"predecessor-version":[{"id":45360,"href":"https:\/\/zonaroja.com.mx\/index.php?rest_route=\/wp\/v2\/posts\/45358\/revisions\/45360"}],"wp:featuredmedia":[{"embeddable":true,"href":"https:\/\/zonaroja.com.mx\/index.php?rest_route=\/wp\/v2\/media\/45359"}],"wp:attachment":[{"href":"https:\/\/zonaroja.com.mx\/index.php?rest_route=%2Fwp%2Fv2%2Fmedia&parent=45358"}],"wp:term":[{"taxonomy":"category","embeddable":true,"href":"https:\/\/zonaroja.com.mx\/index.php?rest_route=%2Fwp%2Fv2%2Fcategories&post=45358"},{"taxonomy":"post_tag","embeddable":true,"href":"https:\/\/zonaroja.com.mx\/index.php?rest_route=%2Fwp%2Fv2%2Ftags&post=45358"}],"curies":[{"name":"wp","href":"https:\/\/api.w.org\/{rel}","templated":true}]}}