{"id":45365,"date":"2022-09-02T19:31:09","date_gmt":"2022-09-03T00:31:09","guid":{"rendered":"http:\/\/www.zonaroja.com.mx\/?p=45365"},"modified":"2022-09-02T19:31:11","modified_gmt":"2022-09-03T00:31:11","slug":"hasta-morenistas-rechazan-mural-en-interior-de-palacio-municipal-de-oaxaca","status":"publish","type":"post","link":"https:\/\/zonaroja.com.mx\/?p=45365","title":{"rendered":"Hasta morenistas rechazan mural en interior de palacio municipal de Oaxaca"},"content":{"rendered":"\n<p>Yuridiana Sosa\/ Zona Roja.<\/p>\n\n\n\n<p>Oaxaca de Ju\u00e1rez, Oax., a 2 de septiembre de 2022.- La intervenci\u00f3n pict\u00f3rica de una pared en las escaleras del Palacio Municipal de Oaxaca de Ju\u00e1rez provoc\u00f3 la confrontaci\u00f3n del Cabildo municipal, hasta de morenistas contra morenistas.<\/p>\n\n\n\n<p>Durante la sesi\u00f3n ordinaria de este jueves, un grupo de regidores de Morena y oposici\u00f3n presentaron su inconformidad por un mural que se inici\u00f3 el pasado fin de semana, lo que gener\u00f3 una discusi\u00f3n por m\u00e1s de dos horas, sin llegar a ninguna soluci\u00f3n.<\/p>\n\n\n\n<p>El tema se present\u00f3 en asunto generales, donde se expuso que no exist\u00eda informaci\u00f3n del proceso de aprobaci\u00f3n, no representa la cultura oaxaque\u00f1a y podr\u00eda representar una afectaci\u00f3n grave al catalogado como inmueble hist\u00f3rico.<\/p>\n\n\n\n<p>Los inconformes, Nancy Mota Figueroa, Jorge Castro Campos, Adriana Morales S\u00e1nchez, Deyanira Altamirano, Ren\u00e9 Ric\u00e1rdez, todos ellos de Morena, adem\u00e1s de Mirna L\u00f3pez Torres y Juan Rafael Rosas Herrera, de oposici\u00f3n demandaron informaci\u00f3n para esclarecer el tema, as\u00ed como la intervenci\u00f3n del Instituto Nacional de Antropolog\u00eda e Historia (INAH).<\/p>\n\n\n\n<p>El presidente municipal, Francisco Mart\u00ednez Neri, escuch\u00f3 con atenci\u00f3n, sin intervenci\u00f3n durante el debate, en el que Pavel L\u00f3pez, Ismael Cruz, Claudia Tapia y Jocabed Betanzos salieron a la defensa del proyecto y de las decisiones de la administraci\u00f3n de la cuarta transformaci\u00f3n.<\/p>\n\n\n\n<p>De acuerdo con la queja, la responsable es la secretaria de Fomento Tur\u00edstico de Oaxaca de Ju\u00e1rez, Adriana Aguilar, quien no inform\u00f3 y viol\u00f3 sus atribuciones y la Ley Federal sobre Monumentos y Zonas Arqueol\u00f3gicas, Art\u00edsticos e Hist\u00f3rico.<\/p>\n\n\n\n<p>El mural representa \u201cun hecho evidente de que algunos funcionarios rebasan sus facultades\u2026la transparencia es gobernanza\u201d manifestaron desde el escrito.<\/p>\n\n\n\n<p>\u201cCon esta obra se pasan por alto cientos de a\u00f1os de historia para plasmar bajo la idea de qui\u00e9n sabe quien una obra que no sabemos qu\u00e9\u201d, puntualizaron.<\/p>\n\n\n\n<p>La panista Mirna L\u00f3pez, regidora de Derechos Humanos y Asuntos Ind\u00edgenas, fue quien abri\u00f3 el debate y cuestion\u00f3 que m\u00e1s all\u00e1 de fincar responsabilidades y la autoridad municipal debe actuar para borrar y recuperar la pared hist\u00f3rica antes que el INAH aplique sanciones.<\/p>\n\n\n\n<figure class=\"wp-block-embed is-type-rich is-provider-twitter wp-block-embed-twitter\"><div class=\"wp-block-embed__wrapper\">\n<div class=\"twitter-tweet\"><blockquote class=\"twitter-tweet\" data-lang=\"es\"><p lang=\"es\" dir=\"ltr\">El mural que orden\u00f3 pintar la secretar\u00eda de Turismo del <a href=\"https:\/\/twitter.com\/MunicipioOaxaca?ref_src=twsrc%5Etfw\">@MunicipioOaxaca<\/a>, Adriana Aguilar, en el Palacio Municipal de la capital, fue motivo de largas discusiones ayer en la sesi\u00f3n de Cabildo; incluso morenistas reprocharon la acci\u00f3n y atentado contra el patrimonio cultural. <a href=\"https:\/\/t.co\/Cl9FVNwX9y\">pic.twitter.com\/Cl9FVNwX9y<\/a><\/p>&mdash; Zona Roja Oaxaca (@ZonaRoja_Oaxaca) <a href=\"https:\/\/twitter.com\/ZonaRoja_Oaxaca\/status\/1565793612167798789?ref_src=twsrc%5Etfw\">2 de septiembre de 2022<\/a><\/blockquote><\/div>\n<\/div><\/figure>\n\n\n\n<p>La obra, realizada por pintores extranjeros en homenaje a Jos\u00e9 Clemente Orozco \u2013como despu\u00e9s lo dijo Pavel L\u00f3pez- no representa a los oaxaque\u00f1os, expres\u00f3 e incluso, desde la perspectiva del regidor Ren\u00e9 Ric\u00e1rdez es \u201cfeo\u201d.<\/p>\n\n\n\n<p>Una calavera, sin el caracter\u00edstico colorido de la muerte mexicana, en un valle que aparenta no estar completo hasta este viernes, solo da\u00f1a el inmueble, apuntaron.<\/p>\n\n\n\n<p>DECISI\u00d3N ARBITRARIA<\/p>\n\n\n\n<p>Los regidores reprobaron la posible decisi\u00f3n arbitraria de un \u00e1rea del ayuntamiento, que adem\u00e1s de no contar con las atribuciones, reserva informaci\u00f3n e intenta simular un permiso del INAH con un documento que s\u00f3lo enuncia los requisitos por cumplir.<\/p>\n\n\n\n<p>Motivo por el que tambi\u00e9n demandaron que se informe con claridad si el INAH autoriz\u00f3, pues desde sus consultas particulares a la instituci\u00f3n no existe tal procedimiento; explicar los criterios, el tema de la obra, qui\u00e9nes son los pintores que participaron, su trayectoria y la convocatoria que se lanz\u00f3 para elegirlos. Beneficios de la obra, qu\u00e9 \u00e1reas participaron y costo de la intervenci\u00f3n.<\/p>\n\n\n\n<p>La regidora Adriana Morales se\u00f1al\u00f3 que no es la primera vez que la Secretar\u00eda de Turismo no informa sobre las acciones que ejecuta, pese a realizar diversas peticiones.<\/p>\n\n\n\n<p>Incluso, apunt\u00f3, el \u00e1rea ya se termin\u00f3 el presupuesto del a\u00f1o en seis meses, lo que deja la duda de c\u00f3mo realizar\u00e1 el ayuntamiento la organizaci\u00f3n de fiestas con motivo del D\u00eda de Muertos o la Noche de R\u00e1banos.<\/p>\n\n\n\n<p>Morenistas a favor de la obra se inconformaron al considerar que se los regidores de oposici\u00f3n tratan de hacer \u201ccacer\u00eda de brujas\u201d y sus colegas de partido traicionan el proyecto de la cuarta transformaci\u00f3n por criticar la obra, de la que finalmente el edil Mart\u00ednez Neri no emiti\u00f3 comentarios, y solo destac\u00f3 que es necesario mejorar la comunicaci\u00f3n.<\/p>\n","protected":false},"excerpt":{"rendered":"<p>Yuridiana Sosa\/ Zona Roja. Oaxaca de Ju\u00e1rez, Oax., a 2 de septiembre de 2022.- La&hellip;<\/p>\n","protected":false},"author":2,"featured_media":45363,"comment_status":"closed","ping_status":"open","sticky":false,"template":"","format":"standard","meta":{"_lmt_disableupdate":"","_lmt_disable":"","_jetpack_memberships_contains_paid_content":false,"footnotes":""},"categories":[109,47],"tags":[2418],"class_list":["post-45365","post","type-post","status-publish","format-standard","has-post-thumbnail","hentry","category-minuto-a-minuto","category-zona-gris","tag-francisco-martinez-neri"],"jetpack_featured_media_url":"https:\/\/zonaroja.com.mx\/wp-content\/uploads\/2022\/09\/IMG_7863.jpg","jetpack_sharing_enabled":true,"_links":{"self":[{"href":"https:\/\/zonaroja.com.mx\/index.php?rest_route=\/wp\/v2\/posts\/45365","targetHints":{"allow":["GET"]}}],"collection":[{"href":"https:\/\/zonaroja.com.mx\/index.php?rest_route=\/wp\/v2\/posts"}],"about":[{"href":"https:\/\/zonaroja.com.mx\/index.php?rest_route=\/wp\/v2\/types\/post"}],"author":[{"embeddable":true,"href":"https:\/\/zonaroja.com.mx\/index.php?rest_route=\/wp\/v2\/users\/2"}],"replies":[{"embeddable":true,"href":"https:\/\/zonaroja.com.mx\/index.php?rest_route=%2Fwp%2Fv2%2Fcomments&post=45365"}],"version-history":[{"count":1,"href":"https:\/\/zonaroja.com.mx\/index.php?rest_route=\/wp\/v2\/posts\/45365\/revisions"}],"predecessor-version":[{"id":45366,"href":"https:\/\/zonaroja.com.mx\/index.php?rest_route=\/wp\/v2\/posts\/45365\/revisions\/45366"}],"wp:featuredmedia":[{"embeddable":true,"href":"https:\/\/zonaroja.com.mx\/index.php?rest_route=\/wp\/v2\/media\/45363"}],"wp:attachment":[{"href":"https:\/\/zonaroja.com.mx\/index.php?rest_route=%2Fwp%2Fv2%2Fmedia&parent=45365"}],"wp:term":[{"taxonomy":"category","embeddable":true,"href":"https:\/\/zonaroja.com.mx\/index.php?rest_route=%2Fwp%2Fv2%2Fcategories&post=45365"},{"taxonomy":"post_tag","embeddable":true,"href":"https:\/\/zonaroja.com.mx\/index.php?rest_route=%2Fwp%2Fv2%2Ftags&post=45365"}],"curies":[{"name":"wp","href":"https:\/\/api.w.org\/{rel}","templated":true}]}}