{"id":45367,"date":"2022-09-02T21:14:32","date_gmt":"2022-09-03T02:14:32","guid":{"rendered":"http:\/\/www.zonaroja.com.mx\/?p=45367"},"modified":"2022-09-03T06:00:02","modified_gmt":"2022-09-03T11:00:02","slug":"denuncian-que-conagua-es-complice-de-empresa-refresquela-en-oaxaca","status":"publish","type":"post","link":"https:\/\/zonaroja.com.mx\/?p=45367","title":{"rendered":"Denuncian que Conagua es c\u00f3mplice de empresa refresquera en Oaxaca"},"content":{"rendered":"\n<p>Yuridiana Sosa\/Zona Roja.<\/p>\n\n\n\n<p>Oaxaca de Ju\u00e1rez, Oax., a 2 de septiembre de 2022.- Habitantes de San Bartolo Coyotepec se manifestaron en la delegaci\u00f3n de la Comisi\u00f3n Nacional del Agua en la capital oaxaque\u00f1a, para exigirle que act\u00fae contra la empresa refresquera Gugar por saqueo ilegal del agua en su comunidad.<\/p>\n\n\n\n<p>A tres d\u00edas de iniciar acciones para la recuperaci\u00f3n de sus tierras, donde se instal\u00f3 la empresa hace 20 a\u00f1os, los pobladores demandaron a la Conagua en Oaxaca que presente las concesiones otorgadas, supuestamente, para que la envasadora extraiga el vital l\u00edquido.<\/p>\n\n\n\n<p>De no existir dichos permisos, ni dictamen de impacto ambiental, la dependencia -en donde se distribuyen y consumen agua en garraf\u00f3n de dicha empresa- act\u00faa como c\u00f3mplice de los delitos al medioambiente que genera la f\u00e1brica en esa localidad de los Valles Centrales.<\/p>\n\n\n\n<p>Los habitantes apuntaron que dudan sobre la legalidad con la que trabaja Gugar respecto a la extracci\u00f3n del agua, pues como asamblea no fueron consultados de manera libre, previa e informada, pero de existir, la Conagua tambi\u00e9n incurre en esta importante falta.<\/p>\n\n\n\n<p>Adem\u00e1s, que el producto que vende podr\u00eda estar altamente contaminado, pues el pozo del agua de la empresa se ubica a unos 30 metros de los vertederos al aire libre de los hospitales de la zona.<\/p>\n\n\n\n<figure class=\"wp-block-embed is-type-rich is-provider-twitter wp-block-embed-twitter\"><div class=\"wp-block-embed__wrapper\">\n<div class=\"twitter-tweet\"><blockquote class=\"twitter-tweet\" data-lang=\"es\"><p lang=\"es\" dir=\"ltr\"><a href=\"https:\/\/twitter.com\/hashtag\/%C3%9AltimoMinuto?src=hash&amp;ref_src=twsrc%5Etfw\">#\u00daltimoMinuto<\/a> <br>Habitantes de San Bartolo Coyotepec, protestan ahora en oficinas de la Comisi\u00f3n Nacional del Agua (<a href=\"https:\/\/twitter.com\/conagua_mx?ref_src=twsrc%5Etfw\">@conagua_mx<\/a>) en Oaxaca, para exigir den a conocer los permisos de explotaci\u00f3n de agua que han dado a la empresa refresquera Gugar. <a href=\"https:\/\/t.co\/VTY8zblIj9\">pic.twitter.com\/VTY8zblIj9<\/a><\/p>&mdash; Zona Roja Oaxaca (@ZonaRoja_Oaxaca) <a href=\"https:\/\/twitter.com\/ZonaRoja_Oaxaca\/status\/1565762116774010882?ref_src=twsrc%5Etfw\">2 de septiembre de 2022<\/a><\/blockquote><\/div>\n<\/div><\/figure>\n\n\n\n<p>As\u00ed tambi\u00e9n recalcaron que mientras la empresa se aprovecha de sus mantos acu\u00edferos con fines econ\u00f3micos, la comunidad carece cada vez de m\u00e1s de la distribuci\u00f3n de este recurso, tanto para consumo y como para el campo, destacaron.<\/p>\n\n\n\n<p>La Comisi\u00f3n Nacional del Agua s\u00f3lo les ha informado que enviar\u00e1n a su personal para verificar, lo cual no ha ocurrido, por lo que los pobladores acudieron a la dependencia para tratar de encontrar al responsable de la delegaci\u00f3n, pero no tuvieron \u00e9xito,<\/p>\n\n\n\n<p>Respecto al proceso legal sobre la recuperaci\u00f3n de la tierra, para que se retire la empresa de la comunidad, los habitantes denunciaron que la Fiscal\u00eda General de la Rep\u00fablica en Oaxaca act\u00faa a favor de la empresa.<\/p>\n\n\n\n<p>La dependencia adelant\u00f3 una audiencia resolutiva ante la actividad de los pobladores el pr\u00f3ximo lunes, la cual se realizar\u00eda despu\u00e9s del 15 de septiembre; en ella, la FGR acept\u00f3 planos y documentaci\u00f3n -supuestamente \u2013 falsa, misma que ser\u00e1 enviada como prueba a la procuradur\u00eda agraria para la resoluci\u00f3n final.<\/p>\n\n\n\n<p>Demandaron al gobernador Alejandro Murat no intervenir&nbsp; a favor de la empresa, y considerar la generosidad del municipio al albergar a diferentes instituciones de gobierno, como son hospitales y Ciudad Judicial.&nbsp;<\/p>\n","protected":false},"excerpt":{"rendered":"<p>Yuridiana Sosa\/Zona Roja. Oaxaca de Ju\u00e1rez, Oax., a 2 de septiembre de 2022.- Habitantes de&hellip;<\/p>\n","protected":false},"author":2,"featured_media":45368,"comment_status":"closed","ping_status":"open","sticky":false,"template":"","format":"standard","meta":{"_lmt_disableupdate":"","_lmt_disable":"","_jetpack_memberships_contains_paid_content":false,"footnotes":""},"categories":[109,47],"tags":[1155],"class_list":["post-45367","post","type-post","status-publish","format-standard","has-post-thumbnail","hentry","category-minuto-a-minuto","category-zona-gris","tag-san-bartolo-coyotepec"],"jetpack_featured_media_url":"https:\/\/zonaroja.com.mx\/wp-content\/uploads\/2022\/09\/Protesta-Coyotepec-en-Conagua-caso-Gugar.jpg","jetpack_sharing_enabled":true,"_links":{"self":[{"href":"https:\/\/zonaroja.com.mx\/index.php?rest_route=\/wp\/v2\/posts\/45367","targetHints":{"allow":["GET"]}}],"collection":[{"href":"https:\/\/zonaroja.com.mx\/index.php?rest_route=\/wp\/v2\/posts"}],"about":[{"href":"https:\/\/zonaroja.com.mx\/index.php?rest_route=\/wp\/v2\/types\/post"}],"author":[{"embeddable":true,"href":"https:\/\/zonaroja.com.mx\/index.php?rest_route=\/wp\/v2\/users\/2"}],"replies":[{"embeddable":true,"href":"https:\/\/zonaroja.com.mx\/index.php?rest_route=%2Fwp%2Fv2%2Fcomments&post=45367"}],"version-history":[{"count":2,"href":"https:\/\/zonaroja.com.mx\/index.php?rest_route=\/wp\/v2\/posts\/45367\/revisions"}],"predecessor-version":[{"id":45373,"href":"https:\/\/zonaroja.com.mx\/index.php?rest_route=\/wp\/v2\/posts\/45367\/revisions\/45373"}],"wp:featuredmedia":[{"embeddable":true,"href":"https:\/\/zonaroja.com.mx\/index.php?rest_route=\/wp\/v2\/media\/45368"}],"wp:attachment":[{"href":"https:\/\/zonaroja.com.mx\/index.php?rest_route=%2Fwp%2Fv2%2Fmedia&parent=45367"}],"wp:term":[{"taxonomy":"category","embeddable":true,"href":"https:\/\/zonaroja.com.mx\/index.php?rest_route=%2Fwp%2Fv2%2Fcategories&post=45367"},{"taxonomy":"post_tag","embeddable":true,"href":"https:\/\/zonaroja.com.mx\/index.php?rest_route=%2Fwp%2Fv2%2Ftags&post=45367"}],"curies":[{"name":"wp","href":"https:\/\/api.w.org\/{rel}","templated":true}]}}