{"id":45377,"date":"2022-09-03T07:04:42","date_gmt":"2022-09-03T12:04:42","guid":{"rendered":"http:\/\/www.zonaroja.com.mx\/?p=45377"},"modified":"2022-09-03T07:04:44","modified_gmt":"2022-09-03T12:04:44","slug":"detienen-a-sujeto-que-presuntamente-agredio-sexualmente-a-una-menor","status":"publish","type":"post","link":"https:\/\/zonaroja.com.mx\/?p=45377","title":{"rendered":"Detienen a sujeto que presuntamente agredi\u00f3 sexualmente a una menor"},"content":{"rendered":"\n<p>Redacci\u00f3n\/Zona Roja.&nbsp;<\/p>\n\n\n\n<p>Oaxaca de Ju\u00e1rez, Oax., a 3 de septiembre de 2022.- En atenci\u00f3n a casos de violencia sexual en las regiones, la Fiscal\u00eda General del Estado de Oaxaca (FGEO) logr\u00f3 aprehender a la persona del sexo masculino identificada como P. B. L. o P. B. C., probable responsable del delito de violaci\u00f3n agravada contra de una adolescente, cometido en jurisdicci\u00f3n de San Juan Mazatl\u00e1n, en el Distrito Mixe.<\/p>\n\n\n\n<p>De acuerdo con la causa penal 79\/2021, en reiteradas ocasiones, el imputado probablemente agredi\u00f3 de manera sexual a la v\u00edctima en la localidad de Nuevo Centro, perteneciente al referido municipio.<\/p>\n\n\n\n<p>Ante este hecho, la instituci\u00f3n de procuraci\u00f3n de justicia atrajo el caso -a trav\u00e9s de la Vicefiscal\u00eda Regional de la Cuenca-, logrando identificar y aprehender al probable responsable el pasado 30 de agosto del a\u00f1o en curso.<\/p>\n\n\n\n<p>El probable agresor sexual ya fue presentado ante la autoridad judicial que lo requiri\u00f3, quien determinar\u00e1 su situaci\u00f3n jur\u00eddica en las pr\u00f3ximas horas.<\/p>\n\n\n\n<p>FALLO CONDENATORIO<\/p>\n\n\n\n<p>En otro caso, la Fiscal\u00eda General obtuvo, del Tribunal de Enjuiciamiento, fallo condenatorio contra la persona del sexo masculino identificada como A. R. R. alias \u201cEl Harry\u201d, responsable del delito de homicidio calificado en agravio de quien en vida respondi\u00f3 al nombre de J. L. G. C., cometido en la Heroica Ciudad de Huajuapan de Le\u00f3n.<\/p>\n\n\n\n<p>De acuerdo con la carpeta de investigaci\u00f3n 16634\/FMIX\/HUAJUAPAN\/2020, el 24 de mayo de 2020, el imputado y otros sujetos privaron de la vida a la v\u00edctima con un arma blanca, en inmediaciones de la colonia Santa Rosa de Huajuapan.<\/p>\n\n\n\n<p>Ante este hecho, la Vicefiscal\u00eda Regional de la Mixteca intervino, iniciando los actos de investigaci\u00f3n correspondientes que permitieron la aprehensi\u00f3n del homicida y por orden del Juez en turno, su posterior vinculaci\u00f3n a proceso, esto en agosto de 2020.<\/p>\n\n\n\n<p>En audiencia, el Tribunal de Enjuiciamiento dict\u00f3 fallo condenatorio en contra del homicida, cuya lectura de sentencia se llevar\u00e1 a cabo en pr\u00f3ximos d\u00edas.<\/p>\n\n\n\n<p>La Fiscal\u00eda General garantiza justicia plena a v\u00edctimas de delitos, aplicando todo el rigor de la Ley a quienes resulten responsables.<\/p>\n","protected":false},"excerpt":{"rendered":"<p>Redacci\u00f3n\/Zona Roja.&nbsp; Oaxaca de Ju\u00e1rez, Oax., a 3 de septiembre de 2022.- En atenci\u00f3n a&hellip;<\/p>\n","protected":false},"author":2,"featured_media":28829,"comment_status":"closed","ping_status":"open","sticky":false,"template":"","format":"standard","meta":{"_lmt_disableupdate":"","_lmt_disable":"","_jetpack_memberships_contains_paid_content":false,"footnotes":""},"categories":[109,46],"tags":[494],"class_list":["post-45377","post","type-post","status-publish","format-standard","has-post-thumbnail","hentry","category-minuto-a-minuto","category-zona-blanca","tag-fiscalia-general-del-estado-de-oaxaca"],"jetpack_featured_media_url":"https:\/\/zonaroja.com.mx\/wp-content\/uploads\/2021\/06\/Violencia-contra-mujer-genero.jpg","jetpack_sharing_enabled":true,"_links":{"self":[{"href":"https:\/\/zonaroja.com.mx\/index.php?rest_route=\/wp\/v2\/posts\/45377","targetHints":{"allow":["GET"]}}],"collection":[{"href":"https:\/\/zonaroja.com.mx\/index.php?rest_route=\/wp\/v2\/posts"}],"about":[{"href":"https:\/\/zonaroja.com.mx\/index.php?rest_route=\/wp\/v2\/types\/post"}],"author":[{"embeddable":true,"href":"https:\/\/zonaroja.com.mx\/index.php?rest_route=\/wp\/v2\/users\/2"}],"replies":[{"embeddable":true,"href":"https:\/\/zonaroja.com.mx\/index.php?rest_route=%2Fwp%2Fv2%2Fcomments&post=45377"}],"version-history":[{"count":1,"href":"https:\/\/zonaroja.com.mx\/index.php?rest_route=\/wp\/v2\/posts\/45377\/revisions"}],"predecessor-version":[{"id":45378,"href":"https:\/\/zonaroja.com.mx\/index.php?rest_route=\/wp\/v2\/posts\/45377\/revisions\/45378"}],"wp:featuredmedia":[{"embeddable":true,"href":"https:\/\/zonaroja.com.mx\/index.php?rest_route=\/wp\/v2\/media\/28829"}],"wp:attachment":[{"href":"https:\/\/zonaroja.com.mx\/index.php?rest_route=%2Fwp%2Fv2%2Fmedia&parent=45377"}],"wp:term":[{"taxonomy":"category","embeddable":true,"href":"https:\/\/zonaroja.com.mx\/index.php?rest_route=%2Fwp%2Fv2%2Fcategories&post=45377"},{"taxonomy":"post_tag","embeddable":true,"href":"https:\/\/zonaroja.com.mx\/index.php?rest_route=%2Fwp%2Fv2%2Ftags&post=45377"}],"curies":[{"name":"wp","href":"https:\/\/api.w.org\/{rel}","templated":true}]}}