{"id":45385,"date":"2022-09-03T11:14:00","date_gmt":"2022-09-03T16:14:00","guid":{"rendered":"http:\/\/www.zonaroja.com.mx\/?p=45385"},"modified":"2022-09-03T07:19:52","modified_gmt":"2022-09-03T12:19:52","slug":"rescate-de-rios-atoyac-y-salado-en-oaxaca-sin-cumplir","status":"publish","type":"post","link":"https:\/\/zonaroja.com.mx\/?p=45385","title":{"rendered":"Rescate de r\u00edos \u201cAtoyac\u201d y \u201cSalado\u201d en Oaxaca, sin cumplir"},"content":{"rendered":"\n<p>Redacci\u00f3n\/Zona Roja Cdmx.<\/p>\n\n\n\n<p>Ciudad de M\u00e9xico, a 3 de septiembre de 2022.- El rescate de los r\u00edos \u201cAtoyac\u201d y \u201cSalado\u201d, convertidos en la letrina de 56 municipios de Oaxaca, marcar\u00e1 un precedente en M\u00e9xico.<\/p>\n\n\n\n<p>Carlos Morales S\u00e1nchez, presidente de la Asociaci\u00f3n Civil Litigio Estrat\u00e9gico Ind\u00edgena, destac\u00f3 que se trata de un caso que representa un antes y un despu\u00e9s en la defensa de los recursos naturales en nuestro pa\u00eds, gracias al amparo que ganaron en un segundo intento para obligar a los tres \u00f3rdenes de gobierno a sanear los afluentes.<\/p>\n\n\n\n<p>\u201cLa segunda etapa de estos juicios iniciaron en 2016 con un vecino que vive muy cerca de la Central de Abasto en la ciudad de Oaxaca de Ju\u00e1rez, con quien promovimos un juicio de amparo para rescatar el r\u00edo Salado y el r\u00edo Atoyac\u201d, explic\u00f3.<\/p>\n\n\n\n<p>Licenciado en Derecho y maestro en Litigaci\u00f3n Oral, Carlos Morales S\u00e1nchez detall\u00f3 que la disputa que en su momento encontr\u00f3 oposici\u00f3n de la Conagua, algunos municipios y el gobierno de Oaxaca. Lleg\u00f3 hasta la Suprema Corte de Justicia de la Naci\u00f3n (SCJN), que decidi\u00f3 no atraer el caso y avalar el fallo de un Tribunal Colegiado.<\/p>\n\n\n\n<p>\u201cEl 24 de marzo de 2018, la jueza primero de Distrito en el estado de Oaxaca concedi\u00f3 el amparo; despu\u00e9s acudimos en segunda instancia al Tribunal Colegiado Auxiliar de Acapulco y obtuvimos la confirmaci\u00f3n del amparo, eso significa que la sentencia est\u00e1 firme, y que es un mandato del Poder Judicial de la Federaci\u00f3n el rescate de los r\u00edos Salado y Atoyac en Oaxaca\u201d, manifest\u00f3.<\/p>\n\n\n\n<p>Para 2020, dos a\u00f1os despu\u00e9s del fallo judicial y ante la inacci\u00f3n de los gobiernos federal, estatal y municipal, la CNDH, emiti\u00f3 una recomendaci\u00f3n por violaciones a los derechos humanos en el saneamiento del agua y a un medio ambiente sano, consagrado en el art\u00edculo cuarto constitucional.<\/p>\n\n\n\n<p>Es decir, los r\u00edos \u201cAtoyac\u201d y \u201cSalado\u201d que forman parte de una misma cuenca h\u00eddrica tienen una sentencia que los protege y tienen una recomendaci\u00f3n de la Comisi\u00f3n Nacional de los Derechos Humanos (CNDH)\u201d, subray\u00f3.<\/p>\n\n\n\n<p>PEOR PANORAMA<\/p>\n\n\n\n<p>A cuatro a\u00f1os de distancia del fallo judicial, Markoa V\u00e1squez, artista pl\u00e1stico y ambientalista, denunci\u00f3 que el panorama en el r\u00edo \u201cAtoyac\u201d, \u2014al que se le une el r\u00edo \u201cSalado\u201d, al entrar a la ciudad de Oaxaca\u2014 es cada vez peor, porque existe total indiferencia por parte de las autoridades.<\/p>\n\n\n\n<p>Estoy convencido que alguien se va a ir a la c\u00e1rcel por corrupto y deshumanizado, porque no s\u00f3lo est\u00e1n atentando contra la calidad de vida de los oaxaque\u00f1os, est\u00e1n atentando contra la calidad de vida de la humanidad, y de las otras especies no humanas\u201d, sentenci\u00f3.<\/p>\n\n\n\n<p>Por su parte, Rebeca D\u00edaz, presidenta de la organizaci\u00f3n Voz de la Monta\u00f1a Ancestral, dijo que el inter\u00e9s que muestran los tres \u00f3rdenes de gobierno es nulo y no hay qui\u00e9n asuma la responsabilidad a pesar del mandato del Poder Judicial.<\/p>\n\n\n\n<p>En tanto, Carlos Reyes, presidente del Frente Rescatando el R\u00edo \u201cAtoyac\u201d, lament\u00f3 que no haya ning\u00fan avance en todos estos a\u00f1os, y en las asambleas realizadas para atender el problema, no se llegue a nada en concreto.<\/p>\n\n\n\n<p>HAY INVERSIONES<\/p>\n\n\n\n<p>En contraste, la Comisi\u00f3n Nacional del Agua (Conagua), presumi\u00f3 la inversi\u00f3n en el \u00faltimo a\u00f1o de 45.6 millones de pesos en la rehabilitaci\u00f3n de siete kil\u00f3metros de tuber\u00eda, para conducir el agua residual de la ciudad de Oaxaca, a la planta de tratamiento de San Juan Bautista La Raya, en la regi\u00f3n de los Valles Centrales.<\/p>\n\n\n\n<p>\u201cCon esos recursos se han podido rehabilitar principalmente los colectores que son los que est\u00e1n fracturados y permiten que el agua residual llegue a los r\u00edos, ya hicimos lo propio en el Atoyac, en la Central de Abasto\u201d, asegur\u00f3 Miguel \u00c1ngel Mart\u00ednez, director general del Organismo de Cuenca Pac\u00edfico Sur de la Conagua.<\/p>\n\n\n\n<p>La idea es que todas las aguas negras lleguen a la planta de tratamiento de La Raya que hoy trabaja a menos del 50% de su capacidad.<\/p>\n\n\n\n<p>El ingeniero Miguel \u00c1ngel Mart\u00ednez reconoci\u00f3 que hasta ahora la poca agua tratada en Oaxaca no tiene un uso espec\u00edfico, por lo que se regresa al r\u00edo contaminado.<\/p>\n\n\n\n<p>\u201cLa planta de La Raya est\u00e1 dise\u00f1ada para un gasto aproximado de 680 litros por segundo, y est\u00e1 tratado menos de la mitad, y el objetivo es llegar a esos 680 litros por segundo\u201d, indic\u00f3.<\/p>\n\n\n\n<p>La titular de la Secretar\u00eda de Medio Ambiente, Energ\u00edas y Desarrollo Sustentable de Oaxaca, Helena Iturribarr\u00eda, present\u00f3 recientemente un Plan Integral para el saneamiento de los r\u00edos \u201cAtoyac\u201d y \u201cSalado\u201d, que parti\u00f3 de un diagn\u00f3stico para establecer 13 l\u00edneas de acci\u00f3n.<\/p>\n\n\n\n<p>Todav\u00eda tenemos, digamos ese pendiente de estimar cu\u00e1l es el presupuesto total, tenemos un listado de obras prioritarias\u201d, coment\u00f3.<\/p>\n\n\n\n<p>La visi\u00f3n del gobierno de Oaxaca es contar con un r\u00edo vivo, lo que contrasta con la posici\u00f3n de Conagua, que se conforma con tener un r\u00edo saneado y agua dentro de los l\u00edmites que establece la Norma Oficial Mexicana.<\/p>\n\n\n\n<p>Lo cierto es que este caso ser\u00e1 un parteaguas en el pa\u00eds, donde lamentablemente la mayor\u00eda de los r\u00edos est\u00e1n contaminados.<\/p>\n\n\n\n<p>Por lo pronto, en Oaxaca, ya hay cinco litigios en marcha para rescatar el r\u00edo de \u201cLos Perros\u201d, Juchit\u00e1n, \u201cPapaloapan\u201d en Tuxtepec y \u201cMixteco\u201d.<\/p>\n\n\n\n<p>&nbsp;(Informaci\u00f3n de \u201cExc\u00e9lsior\u201d)<\/p>\n","protected":false},"excerpt":{"rendered":"<p>Redacci\u00f3n\/Zona Roja Cdmx. Ciudad de M\u00e9xico, a 3 de septiembre de 2022.- El rescate de&hellip;<\/p>\n","protected":false},"author":2,"featured_media":21125,"comment_status":"closed","ping_status":"open","sticky":false,"template":"","format":"standard","meta":{"_lmt_disableupdate":"","_lmt_disable":"","_jetpack_memberships_contains_paid_content":false,"footnotes":""},"categories":[109,47],"tags":[],"class_list":["post-45385","post","type-post","status-publish","format-standard","has-post-thumbnail","hentry","category-minuto-a-minuto","category-zona-gris"],"jetpack_featured_media_url":"https:\/\/zonaroja.com.mx\/wp-content\/uploads\/2020\/12\/Rio-Atoyac-Oaxaca.jpg","jetpack_sharing_enabled":true,"_links":{"self":[{"href":"https:\/\/zonaroja.com.mx\/index.php?rest_route=\/wp\/v2\/posts\/45385","targetHints":{"allow":["GET"]}}],"collection":[{"href":"https:\/\/zonaroja.com.mx\/index.php?rest_route=\/wp\/v2\/posts"}],"about":[{"href":"https:\/\/zonaroja.com.mx\/index.php?rest_route=\/wp\/v2\/types\/post"}],"author":[{"embeddable":true,"href":"https:\/\/zonaroja.com.mx\/index.php?rest_route=\/wp\/v2\/users\/2"}],"replies":[{"embeddable":true,"href":"https:\/\/zonaroja.com.mx\/index.php?rest_route=%2Fwp%2Fv2%2Fcomments&post=45385"}],"version-history":[{"count":1,"href":"https:\/\/zonaroja.com.mx\/index.php?rest_route=\/wp\/v2\/posts\/45385\/revisions"}],"predecessor-version":[{"id":45386,"href":"https:\/\/zonaroja.com.mx\/index.php?rest_route=\/wp\/v2\/posts\/45385\/revisions\/45386"}],"wp:featuredmedia":[{"embeddable":true,"href":"https:\/\/zonaroja.com.mx\/index.php?rest_route=\/wp\/v2\/media\/21125"}],"wp:attachment":[{"href":"https:\/\/zonaroja.com.mx\/index.php?rest_route=%2Fwp%2Fv2%2Fmedia&parent=45385"}],"wp:term":[{"taxonomy":"category","embeddable":true,"href":"https:\/\/zonaroja.com.mx\/index.php?rest_route=%2Fwp%2Fv2%2Fcategories&post=45385"},{"taxonomy":"post_tag","embeddable":true,"href":"https:\/\/zonaroja.com.mx\/index.php?rest_route=%2Fwp%2Fv2%2Ftags&post=45385"}],"curies":[{"name":"wp","href":"https:\/\/api.w.org\/{rel}","templated":true}]}}