{"id":45393,"date":"2022-09-03T07:55:20","date_gmt":"2022-09-03T12:55:20","guid":{"rendered":"http:\/\/www.zonaroja.com.mx\/?p=45393"},"modified":"2022-09-03T07:55:22","modified_gmt":"2022-09-03T12:55:22","slug":"de-madrugada-diputados-aprueban-reforma-de-amlo-sobre-guardia-nacional","status":"publish","type":"post","link":"https:\/\/zonaroja.com.mx\/?p=45393","title":{"rendered":"De madrugada, diputados aprueban reforma de AMLO sobre Guardia Nacional"},"content":{"rendered":"\n<p>Redacci\u00f3n\/Zona Roja Cdmx.<\/p>\n\n\n\n<p>Ciudad de M\u00e9xico, a 3 de septiembre de 2022.- El pleno de la C\u00e1mara de Diputados aprob\u00f3 esta madrugada, en lo general, la reforma del Presidente Andr\u00e9s Manuel L\u00f3pez Obrador para hacer que la Guardia Nacional pase de la Secretar\u00eda de Seguridad y Protecci\u00f3n Ciudadana (SSPC) a la Secretar\u00eda de la Defensa Nacional (Sedena).<\/p>\n\n\n\n<p>La votaci\u00f3n en lo general de las cuatro leyes que abarca la reforma comenz\u00f3 alrededor de la 01:00. A petici\u00f3n del PAN, cada ley se vot\u00f3 por separado, lo que demor\u00f3 el proceso.<\/p>\n\n\n\n<p>El conjunto de leyes a discusi\u00f3n consta de la Ley Org\u00e1nica de la Administraci\u00f3n P\u00fablica Federal, la Ley de la Guardia Nacional, la Ley Org\u00e1nica del Ej\u00e9rcito y la Fuerza A\u00e9rea Mexicanos y la Ley de Ascensos de las Fuerzas Armadas.<\/p>\n\n\n\n<p>Tras las rondas de votaciones en lo general, comenz\u00f3 la discusi\u00f3n en lo particular, que se prev\u00e9 se prolongue hasta la ma\u00f1ana del s\u00e1bado.<\/p>\n\n\n\n<p>La reforma del presidente L\u00f3pez Obrador busca que la Guardia Nacional pase al control de la Sedena porque, seg\u00fan el gobierno, as\u00ed se fortalecer\u00e1 y se evitar\u00e1 que se \u201ccorrompa\u201d.&nbsp;<\/p>\n\n\n\n<p>En contraste, la oposici\u00f3n argumenta que esto militarizar\u00e1 m\u00e1s las tareas de seguridad p\u00fablica cuando el compromiso cuando se cre\u00f3 la Guardia Nacional, en 2019, fue que esta corporaci\u00f3n fuera de car\u00e1cter civil.<\/p>\n\n\n\n<p>(Informaci\u00f3n de \u201cAnimal Pol\u00edtico\u201d)<\/p>\n","protected":false},"excerpt":{"rendered":"<p>Redacci\u00f3n\/Zona Roja Cdmx. Ciudad de M\u00e9xico, a 3 de septiembre de 2022.- El pleno de&hellip;<\/p>\n","protected":false},"author":2,"featured_media":1949,"comment_status":"closed","ping_status":"open","sticky":false,"template":"","format":"standard","meta":{"_lmt_disableupdate":"","_lmt_disable":"","_jetpack_memberships_contains_paid_content":false,"footnotes":""},"categories":[109,47],"tags":[278],"class_list":["post-45393","post","type-post","status-publish","format-standard","has-post-thumbnail","hentry","category-minuto-a-minuto","category-zona-gris","tag-guardia-nacional"],"jetpack_featured_media_url":"https:\/\/zonaroja.com.mx\/wp-content\/uploads\/2019\/06\/Guardia-Nacional.jpg","jetpack_sharing_enabled":true,"_links":{"self":[{"href":"https:\/\/zonaroja.com.mx\/index.php?rest_route=\/wp\/v2\/posts\/45393","targetHints":{"allow":["GET"]}}],"collection":[{"href":"https:\/\/zonaroja.com.mx\/index.php?rest_route=\/wp\/v2\/posts"}],"about":[{"href":"https:\/\/zonaroja.com.mx\/index.php?rest_route=\/wp\/v2\/types\/post"}],"author":[{"embeddable":true,"href":"https:\/\/zonaroja.com.mx\/index.php?rest_route=\/wp\/v2\/users\/2"}],"replies":[{"embeddable":true,"href":"https:\/\/zonaroja.com.mx\/index.php?rest_route=%2Fwp%2Fv2%2Fcomments&post=45393"}],"version-history":[{"count":1,"href":"https:\/\/zonaroja.com.mx\/index.php?rest_route=\/wp\/v2\/posts\/45393\/revisions"}],"predecessor-version":[{"id":45394,"href":"https:\/\/zonaroja.com.mx\/index.php?rest_route=\/wp\/v2\/posts\/45393\/revisions\/45394"}],"wp:featuredmedia":[{"embeddable":true,"href":"https:\/\/zonaroja.com.mx\/index.php?rest_route=\/wp\/v2\/media\/1949"}],"wp:attachment":[{"href":"https:\/\/zonaroja.com.mx\/index.php?rest_route=%2Fwp%2Fv2%2Fmedia&parent=45393"}],"wp:term":[{"taxonomy":"category","embeddable":true,"href":"https:\/\/zonaroja.com.mx\/index.php?rest_route=%2Fwp%2Fv2%2Fcategories&post=45393"},{"taxonomy":"post_tag","embeddable":true,"href":"https:\/\/zonaroja.com.mx\/index.php?rest_route=%2Fwp%2Fv2%2Ftags&post=45393"}],"curies":[{"name":"wp","href":"https:\/\/api.w.org\/{rel}","templated":true}]}}