{"id":45402,"date":"2022-09-03T16:52:54","date_gmt":"2022-09-03T21:52:54","guid":{"rendered":"https:\/\/www.zonaroja.com.mx\/?p=45402"},"modified":"2022-09-03T18:39:02","modified_gmt":"2022-09-03T23:39:02","slug":"encabeza-poder-judicial-acto-civico-por-septiembre-mes-de-la-patria","status":"publish","type":"post","link":"https:\/\/zonaroja.com.mx\/?p=45402","title":{"rendered":"Encabeza Poder Judicial acto c\u00edvico por \u201cSeptiembre, mes de la Patria\u201d"},"content":{"rendered":"\n<p>Redacci\u00f3n\/Zona Roja.<\/p>\n\n\n\n<p>Oaxaca de Ju\u00e1rez, Oax., a 3 de septiembre de 2022\/- El Poder Judicial del Estado de Oaxaca particip\u00f3 este s\u00e1bado en la ceremonia c\u00edvica de izamiento de la Bandera Nacional, en la Alameda de Le\u00f3n, en el marco del programa \u201cSeptiembre, mes de la Patria\u201d, en las conmemoraciones por el 212 Aniversario de la Independencia de M\u00e9xico.<\/p>\n\n\n\n<p>Encabezados por el magistrado presidente Eduardo Pinacho S\u00e1nchez, los plenos del Tribunal Superior de Justicia y del Consejo de la Judicatura, &nbsp;personal jurisdiccional, administrativo, jueces y juezas, rindieron homenaje a los hombres y mujeres que participaron en el movimiento armado independentista.&nbsp;<\/p>\n\n\n\n<p>Al pronunciar el discurso oficial, la magistrada Sonia Luz Ireta Jim\u00e9nez, integrante de la Tercera Sala Penal Colegiada, se\u00f1al\u00f3 que en el Poder Judicial del Estado se esfuerza por cumplir el mandato de la sociedad.<\/p>\n\n\n\n<p>Ello al fortalecer y consolidar la instituci\u00f3n a trav\u00e9s de programas y acciones que conduzcan a optimizar la calidad en la impartici\u00f3n de justicia a favor de las y los oaxaque\u00f1os, promoviendo, respetando, protegiendo y garantizando los derechos humanos inherentes a la condici\u00f3n humana. <\/p>\n\n\n\n<p>Durante este acto c\u00edvico, el consejero de la Judicatura, Francisco Jos\u00e9 Espinoza Santib\u00e1\u00f1ez dio lectura de la Proclama de Independencia de M\u00e9xico, en la que relat\u00f3 el mensaje que emiti\u00f3 el cura Miguel Hidalgo y Castillo al iniciar y convocar al levantamiento armado.<\/p>\n\n\n\n<figure class=\"wp-block-embed is-type-rich is-provider-twitter wp-block-embed-twitter\"><div class=\"wp-block-embed__wrapper\">\n<div class=\"twitter-tweet\"><blockquote class=\"twitter-tweet\" data-lang=\"es\"><p lang=\"es\" dir=\"ltr\">El Poder Judicial del Estado de Oaxaca presidi\u00f3 este s\u00e1bado, en la Alameda de Le\u00f3n, la ceremonia de izamiento de la Bandera Nacional como parte del programa \u201cSeptiembre, mes de la patria\u201d. El discurso oficial estuvo a cargo de la magistrada del <a href=\"https:\/\/twitter.com\/tsjoaxaca?ref_src=twsrc%5Etfw\">@tsjoaxaca<\/a> Sonia Luz Ireta Jim\u00e9nez. <a href=\"https:\/\/t.co\/moJ3uACtPX\">pic.twitter.com\/moJ3uACtPX<\/a><\/p>&mdash; Zona Roja Oaxaca (@ZonaRoja_Oaxaca) <a href=\"https:\/\/twitter.com\/ZonaRoja_Oaxaca\/status\/1566073347397586945?ref_src=twsrc%5Etfw\">3 de septiembre de 2022<\/a><\/blockquote><\/div>\n<\/div><\/figure>\n","protected":false},"excerpt":{"rendered":"<p>Redacci\u00f3n\/Zona Roja. Oaxaca de Ju\u00e1rez, Oax., a 3 de septiembre de 2022\/- El Poder Judicial&hellip;<\/p>\n","protected":false},"author":2,"featured_media":45401,"comment_status":"closed","ping_status":"open","sticky":false,"template":"","format":"standard","meta":{"_lmt_disableupdate":"","_lmt_disable":"","_jetpack_memberships_contains_paid_content":false,"footnotes":""},"categories":[109,46],"tags":[223],"class_list":["post-45402","post","type-post","status-publish","format-standard","has-post-thumbnail","hentry","category-minuto-a-minuto","category-zona-blanca","tag-poder-judicial-de-oaxaca"],"jetpack_featured_media_url":"https:\/\/zonaroja.com.mx\/wp-content\/uploads\/2022\/09\/img_8057.jpg","jetpack_sharing_enabled":true,"_links":{"self":[{"href":"https:\/\/zonaroja.com.mx\/index.php?rest_route=\/wp\/v2\/posts\/45402","targetHints":{"allow":["GET"]}}],"collection":[{"href":"https:\/\/zonaroja.com.mx\/index.php?rest_route=\/wp\/v2\/posts"}],"about":[{"href":"https:\/\/zonaroja.com.mx\/index.php?rest_route=\/wp\/v2\/types\/post"}],"author":[{"embeddable":true,"href":"https:\/\/zonaroja.com.mx\/index.php?rest_route=\/wp\/v2\/users\/2"}],"replies":[{"embeddable":true,"href":"https:\/\/zonaroja.com.mx\/index.php?rest_route=%2Fwp%2Fv2%2Fcomments&post=45402"}],"version-history":[{"count":2,"href":"https:\/\/zonaroja.com.mx\/index.php?rest_route=\/wp\/v2\/posts\/45402\/revisions"}],"predecessor-version":[{"id":45408,"href":"https:\/\/zonaroja.com.mx\/index.php?rest_route=\/wp\/v2\/posts\/45402\/revisions\/45408"}],"wp:featuredmedia":[{"embeddable":true,"href":"https:\/\/zonaroja.com.mx\/index.php?rest_route=\/wp\/v2\/media\/45401"}],"wp:attachment":[{"href":"https:\/\/zonaroja.com.mx\/index.php?rest_route=%2Fwp%2Fv2%2Fmedia&parent=45402"}],"wp:term":[{"taxonomy":"category","embeddable":true,"href":"https:\/\/zonaroja.com.mx\/index.php?rest_route=%2Fwp%2Fv2%2Fcategories&post=45402"},{"taxonomy":"post_tag","embeddable":true,"href":"https:\/\/zonaroja.com.mx\/index.php?rest_route=%2Fwp%2Fv2%2Ftags&post=45402"}],"curies":[{"name":"wp","href":"https:\/\/api.w.org\/{rel}","templated":true}]}}