{"id":45404,"date":"2022-09-03T18:28:13","date_gmt":"2022-09-03T23:28:13","guid":{"rendered":"http:\/\/www.zonaroja.com.mx\/?p=45404"},"modified":"2022-09-03T18:28:15","modified_gmt":"2022-09-03T23:28:15","slug":"hasta-en-fin-de-semana-bloqueos-en-oaxaca-ahora-en-la-costa-y-cuenca","status":"publish","type":"post","link":"https:\/\/zonaroja.com.mx\/?p=45404","title":{"rendered":"Hasta en fin de semana, bloqueos en Oaxaca; ahora en la Costa y Cuenca"},"content":{"rendered":"\n<p>Yuridiana Sosa\/Zona Roja.<\/p>\n\n\n\n<p>Oaxaca de Ju\u00e1rez, Oax., a 3 de septiembre de 2022.- La problem\u00e1tica interna del estado causa este fin de semana dos bloqueos a v\u00edas federales en Oaxaca, por habitantes en la regi\u00f3n de la Costa y en la Cuenca.<\/p>\n\n\n\n<p>Desde las primeras horas de este s\u00e1bado, pobladores de las 17 agencias de San Pedro Huamelula, en la regi\u00f3n de la Costa, instalaron un bloqueo en la carretera federal 200, lo que afecta la comunicaci\u00f3n en el tramo Huatulco-Salina Cruz.<\/p>\n\n\n\n<p>Los habitantes exigen el aumento y aplicaci\u00f3n de los recursos del Ramo 28, 33 y Fondo tres, as\u00ed como a la Comisi\u00f3n Nacional de Vivienda la reconstrucci\u00f3n de viviendas por las afectaciones de sismo registrados en 2017 y 2020, pues hasta el momento ninguna autoridad en Oaxaca atiende los da\u00f1os.<\/p>\n\n\n\n<p>La comunidad Chontal de Huamelula pidi\u00f3 la atenci\u00f3n del presidente de la Rep\u00fablica, Andr\u00e9s Manuel L\u00f3pez Obrador para dar soluci\u00f3n a su problema.<\/p>\n\n\n\n<p>EN CUENCA<\/p>\n\n\n\n<p>Por otra parte, habitantes de la comunidad de Santiago Progreso, del municipio de Valle Nacional, en la regi\u00f3n de la Cuenca, comenzaron un bloqueo en la carretera federal 175 tramo Valle Nacional-Oaxaca.<\/p>\n\n\n\n<p>La comunidad exige la intervenci\u00f3n inmediata de la Secretar\u00eda General de Gobierno de Oaxaca para liberar a 10 ejidatarios retenidos en la comunidad vecina de San Pedro Uzumacin, del municipio de Ayotzintepec, con quien tiene un conflicto agrario.<\/p>\n\n\n\n<p>Esta vialidad conecta a la regi\u00f3n de la Cuenca, con la Sierra Norte y capital del estado, por lo que su cierre causa graves afectaciones.<\/p>\n\n\n\n<figure class=\"wp-block-image size-large\"><a href=\"http:\/\/www.zonaroja.com.mx\/wp-content\/uploads\/2022\/09\/Bloqueo-Cuenca-Valle-Nacional.jpg\" data-rel=\"penci-gallery-image-content\" ><img decoding=\"async\" width=\"1024\" height=\"576\" src=\"http:\/\/www.zonaroja.com.mx\/wp-content\/uploads\/2022\/09\/Bloqueo-Cuenca-Valle-Nacional-1024x576.jpg\" alt=\"\" class=\"wp-image-45406\" srcset=\"https:\/\/zonaroja.com.mx\/wp-content\/uploads\/2022\/09\/Bloqueo-Cuenca-Valle-Nacional-1024x576.jpg 1024w, https:\/\/zonaroja.com.mx\/wp-content\/uploads\/2022\/09\/Bloqueo-Cuenca-Valle-Nacional-300x169.jpg 300w, https:\/\/zonaroja.com.mx\/wp-content\/uploads\/2022\/09\/Bloqueo-Cuenca-Valle-Nacional-768x432.jpg 768w, https:\/\/zonaroja.com.mx\/wp-content\/uploads\/2022\/09\/Bloqueo-Cuenca-Valle-Nacional-1536x864.jpg 1536w, https:\/\/zonaroja.com.mx\/wp-content\/uploads\/2022\/09\/Bloqueo-Cuenca-Valle-Nacional-1170x658.jpg 1170w, https:\/\/zonaroja.com.mx\/wp-content\/uploads\/2022\/09\/Bloqueo-Cuenca-Valle-Nacional-585x329.jpg 585w, https:\/\/zonaroja.com.mx\/wp-content\/uploads\/2022\/09\/Bloqueo-Cuenca-Valle-Nacional.jpg 1600w\" sizes=\"(max-width: 1024px) 100vw, 1024px\" \/><\/a><figcaption>Bloqueos <\/figcaption><\/figure>\n","protected":false},"excerpt":{"rendered":"<p>Yuridiana Sosa\/Zona Roja. Oaxaca de Ju\u00e1rez, Oax., a 3 de septiembre de 2022.- La problem\u00e1tica&hellip;<\/p>\n","protected":false},"author":2,"featured_media":45405,"comment_status":"closed","ping_status":"open","sticky":false,"template":"","format":"standard","meta":{"_lmt_disableupdate":"","_lmt_disable":"","_jetpack_memberships_contains_paid_content":false,"footnotes":""},"categories":[109,47],"tags":[1975],"class_list":["post-45404","post","type-post","status-publish","format-standard","has-post-thumbnail","hentry","category-minuto-a-minuto","category-zona-gris","tag-bloqueos-carreteros-oaxaca"],"jetpack_featured_media_url":"https:\/\/zonaroja.com.mx\/wp-content\/uploads\/2022\/09\/Bloqueo-carretero-Huamelula.jpg","jetpack_sharing_enabled":true,"_links":{"self":[{"href":"https:\/\/zonaroja.com.mx\/index.php?rest_route=\/wp\/v2\/posts\/45404","targetHints":{"allow":["GET"]}}],"collection":[{"href":"https:\/\/zonaroja.com.mx\/index.php?rest_route=\/wp\/v2\/posts"}],"about":[{"href":"https:\/\/zonaroja.com.mx\/index.php?rest_route=\/wp\/v2\/types\/post"}],"author":[{"embeddable":true,"href":"https:\/\/zonaroja.com.mx\/index.php?rest_route=\/wp\/v2\/users\/2"}],"replies":[{"embeddable":true,"href":"https:\/\/zonaroja.com.mx\/index.php?rest_route=%2Fwp%2Fv2%2Fcomments&post=45404"}],"version-history":[{"count":1,"href":"https:\/\/zonaroja.com.mx\/index.php?rest_route=\/wp\/v2\/posts\/45404\/revisions"}],"predecessor-version":[{"id":45407,"href":"https:\/\/zonaroja.com.mx\/index.php?rest_route=\/wp\/v2\/posts\/45404\/revisions\/45407"}],"wp:featuredmedia":[{"embeddable":true,"href":"https:\/\/zonaroja.com.mx\/index.php?rest_route=\/wp\/v2\/media\/45405"}],"wp:attachment":[{"href":"https:\/\/zonaroja.com.mx\/index.php?rest_route=%2Fwp%2Fv2%2Fmedia&parent=45404"}],"wp:term":[{"taxonomy":"category","embeddable":true,"href":"https:\/\/zonaroja.com.mx\/index.php?rest_route=%2Fwp%2Fv2%2Fcategories&post=45404"},{"taxonomy":"post_tag","embeddable":true,"href":"https:\/\/zonaroja.com.mx\/index.php?rest_route=%2Fwp%2Fv2%2Ftags&post=45404"}],"curies":[{"name":"wp","href":"https:\/\/api.w.org\/{rel}","templated":true}]}}