{"id":4541,"date":"2019-10-04T08:51:11","date_gmt":"2019-10-04T13:51:11","guid":{"rendered":"http:\/\/www.zonaroja.com.mx\/?p=4541"},"modified":"2019-10-04T08:51:14","modified_gmt":"2019-10-04T13:51:14","slug":"pide-la-uam-pide-esclarecer-muerte-de-profesor-en-huajuapan-oaxaca","status":"publish","type":"post","link":"https:\/\/zonaroja.com.mx\/?p=4541","title":{"rendered":"Pide la UAM pide esclarecer muerte de profesor en Huajuapan, Oaxaca"},"content":{"rendered":"\n<p>Redacci\u00f3n\/Zona Roja Cdmx.<\/p>\n\n\n\n<p>Oaxaca de Ju\u00e1rez, Oax., 4 de octubre de\n2019.- Debido a la extra\u00f1a muerte del catedr\u00e1tico Emilio Dom\u00ednguez Salazar en\nHuajuapan de Le\u00f3n, la Universidad Aut\u00f3noma Metropolitana (UAM) pidi\u00f3 a las\nautoridades federales y estatales esclarecer la desaparici\u00f3n y fallecimiento,\npresuntamente por suicidio. <\/p>\n\n\n\n<p>El profesor de la Unidad Iztapalapa fue\nhallado muerto en un hotel del centro de Huajuapan de Le\u00f3n, municipio de la\nregi\u00f3n Mixteca.<\/p>\n\n\n\n<p>En un comunicado, la UAM indic\u00f3 que en\ncuanto se inform\u00f3 de la desaparici\u00f3n del acad\u00e9mico de 49 a\u00f1os, ocurrida el 30\nde septiembre, solicit\u00f3 a las autoridades la activaci\u00f3n inmediata de los\nprotocolos para la localizaci\u00f3n del profesor. <\/p>\n\n\n\n<p>\u201cLa ficha de desaparici\u00f3n respectiva\nfue distribuida y colocada en los edificios, rejas y alrededores de la unidad\nacad\u00e9mica de la UAM en espera de tener informaci\u00f3n que permitiera su pronta\nlocalizaci\u00f3n\u201d, destac\u00f3. <\/p>\n\n\n\n<p>Record\u00f3 que ayer, alrededor de 150\nacad\u00e9micos, alumnos y trabajadores administrativos cerraron de manera\nintermitente el Eje 6 Sur y la calle Sur 21, para manifestar su preocupaci\u00f3n\npor la desaparici\u00f3n del profesor. <\/p>\n\n\n\n<p>\u00abUn suceso que ha dejado a la\nInstituci\u00f3n muy lastimada\u201d, afirm\u00f3. El rector de la Unidad Iztapalapa, Rodrigo\nD\u00edaz Cruz, ofreci\u00f3 sus condolencias a los amigos y familiares del investigador\ny afirm\u00f3 que \u201cfue parte de un destacado equipo cient\u00edfico\u00bb en materia de\nneurociencias. <\/p>\n\n\n\n<p>El cuerpo de Dom\u00ednguez Salazar fue\nlocalizado en un hotel de Huajuapan de Le\u00f3n, el 1 de octubre. De acuerdo con la\nProcuradur\u00eda General de Justicia de la Ciudad de M\u00e9xico las primeras\nindagatorias indican a que se trat\u00f3 de un suicidio. La misma versi\u00f3n confirm\u00f3\nla Vicefiscal\u00eda Regional de la Mixteca.<\/p>\n\n\n\n<p>(Con informaci\u00f3n de Milenio)<\/p>\n","protected":false},"excerpt":{"rendered":"<p>Redacci\u00f3n\/Zona Roja Cdmx. Oaxaca de Ju\u00e1rez, Oax., 4 de octubre de 2019.- Debido a la&hellip;<\/p>\n","protected":false},"author":2,"featured_media":4542,"comment_status":"closed","ping_status":"open","sticky":false,"template":"","format":"standard","meta":{"_lmt_disableupdate":"","_lmt_disable":"","_jetpack_memberships_contains_paid_content":false,"footnotes":""},"categories":[109,51],"tags":[815,814],"class_list":["post-4541","post","type-post","status-publish","format-standard","has-post-thumbnail","hentry","category-minuto-a-minuto","category-zona-roja","tag-emilio-dominguez-salazar","tag-universidad-autonoma-metropolitana"],"jetpack_featured_media_url":"https:\/\/zonaroja.com.mx\/wp-content\/uploads\/2019\/10\/PHOTO-2019-10-03-22-42-52.jpg","jetpack_sharing_enabled":true,"_links":{"self":[{"href":"https:\/\/zonaroja.com.mx\/index.php?rest_route=\/wp\/v2\/posts\/4541","targetHints":{"allow":["GET"]}}],"collection":[{"href":"https:\/\/zonaroja.com.mx\/index.php?rest_route=\/wp\/v2\/posts"}],"about":[{"href":"https:\/\/zonaroja.com.mx\/index.php?rest_route=\/wp\/v2\/types\/post"}],"author":[{"embeddable":true,"href":"https:\/\/zonaroja.com.mx\/index.php?rest_route=\/wp\/v2\/users\/2"}],"replies":[{"embeddable":true,"href":"https:\/\/zonaroja.com.mx\/index.php?rest_route=%2Fwp%2Fv2%2Fcomments&post=4541"}],"version-history":[{"count":1,"href":"https:\/\/zonaroja.com.mx\/index.php?rest_route=\/wp\/v2\/posts\/4541\/revisions"}],"predecessor-version":[{"id":4543,"href":"https:\/\/zonaroja.com.mx\/index.php?rest_route=\/wp\/v2\/posts\/4541\/revisions\/4543"}],"wp:featuredmedia":[{"embeddable":true,"href":"https:\/\/zonaroja.com.mx\/index.php?rest_route=\/wp\/v2\/media\/4542"}],"wp:attachment":[{"href":"https:\/\/zonaroja.com.mx\/index.php?rest_route=%2Fwp%2Fv2%2Fmedia&parent=4541"}],"wp:term":[{"taxonomy":"category","embeddable":true,"href":"https:\/\/zonaroja.com.mx\/index.php?rest_route=%2Fwp%2Fv2%2Fcategories&post=4541"},{"taxonomy":"post_tag","embeddable":true,"href":"https:\/\/zonaroja.com.mx\/index.php?rest_route=%2Fwp%2Fv2%2Ftags&post=4541"}],"curies":[{"name":"wp","href":"https:\/\/api.w.org\/{rel}","templated":true}]}}