{"id":45420,"date":"2022-09-04T09:01:00","date_gmt":"2022-09-04T14:01:00","guid":{"rendered":"http:\/\/www.zonaroja.com.mx\/?p=45420"},"modified":"2022-09-04T11:09:15","modified_gmt":"2022-09-04T16:09:15","slug":"omiso-el-ayuntamiento-con-tiradero-de-basura-en-rio-atoyac","status":"publish","type":"post","link":"https:\/\/zonaroja.com.mx\/?p=45420","title":{"rendered":"Omiso, el ayuntamiento, con tiradero de basura en r\u00edo \u201cAtoyac\u00bb"},"content":{"rendered":"\n<p>Yuridiana Sosa\/ Zona Roja.<\/p>\n\n\n\n<p>Oaxaca de Ju\u00e1rez, Oax., a 4 de septiembre de 2022.- Lo que comenz\u00f3 como de forma provisional la ribera del r\u00edo \u201cAtoyac\u201d en la capital, es ahora casi un tiradero formal que opera con la omisi\u00f3n del ayuntamiento de Oaxaca de Ju\u00e1rez a cargo de Francisco Mart\u00ednez Neri.<\/p>\n\n\n\n<p>El titular de la Procuradur\u00eda de Protecci\u00f3n al Ambiente, Ernesto Ruiz, precis\u00f3 que es responsabilidad \u00fanica de la autoridad municipal el manejo de los residuos s\u00f3lidos.<\/p>\n\n\n\n<p>\u201cAunque el ayuntamiento no lo quiera aceptar, quien tiene directamente la responsabilidad de atender directamente los residuos generados en el municipio de Oaxaca es precisamente el ayuntamiento\u201d, dijo a trav\u00e9s de un video.<\/p>\n\n\n\n<p>\u201cEn el caso de la Procuradur\u00eda de Protecci\u00f3n al Ambiente, no tenemos atribuciones, tampoco infraestructura ni presupuesto para participar en la limpia o saneamiento o recolecci\u00f3n de los residuos s\u00f3lidos. Las atribuciones son de vigilar la normatividad ambiental.<\/p>\n\n\n\n<p>\u201cEn ese sentido, el que est\u00e1 incumpliendo con la normatividad en este momento es el municipio de Oaxaca de Ju\u00e1rez, porque es en su demarcaci\u00f3n donde se est\u00e1 haciendo esta disposici\u00f3n no autorizada de residuos en un sitio que tampoco est\u00e1 autorizado y que no cumple con lo establecido en la norma 083\u201d, precis\u00f3 Ernesto Ruiz.<\/p>\n\n\n\n<p>Revel\u00f3 que a solicitud del ayuntamiento, la procuradur\u00eda ambiental no hab\u00eda actuado porque se hab\u00edan comprometido a sanear lo m\u00e1s pronto posible esta \u00e1rea; \u201csin embargo, hasta el momento no han cumplido\u201d.<\/p>\n\n\n\n<figure class=\"wp-block-embed\"><div class=\"wp-block-embed__wrapper\">\n<div class=\"twitter-tweet\"><blockquote class=\"twitter-tweet\" data-lang=\"es\"><p lang=\"es\" dir=\"ltr\">Sobre el tiradero de basura en las riberas del r\u00edo \u201cAtoyac\u201d, por omisi\u00f3n del edil <a href=\"https:\/\/twitter.com\/FMartinezNeri?ref_src=twsrc%5Etfw\">@FMartinezNeri<\/a>, el responsable de la <a href=\"https:\/\/twitter.com\/PROPAEO_OAX?ref_src=twsrc%5Etfw\">@PROPAEO_OAX<\/a>, <a href=\"https:\/\/twitter.com\/JErnestoRuiz?ref_src=twsrc%5Etfw\">@JErnestoRuiz<\/a> precisa que es responsabilidad absoluta del <a href=\"https:\/\/twitter.com\/MunicipioOaxaca?ref_src=twsrc%5Etfw\">@MunicipioOaxaca<\/a>: <a href=\"https:\/\/t.co\/V7wMaziYcG\">pic.twitter.com\/V7wMaziYcG<\/a><\/p>&mdash; Zona Roja Oaxaca (@ZonaRoja_Oaxaca) <a href=\"https:\/\/twitter.com\/ZonaRoja_Oaxaca\/status\/1566437861657923589?ref_src=twsrc%5Etfw\">4 de septiembre de 2022<\/a><\/blockquote><\/div>\n<\/div><\/figure>\n\n\n\n<p>GRAVE OMISI\u00d3N<\/p>\n\n\n\n<p>A casi un mes de que finalice el plazo para el cierre definitivo del basurero en la Villa de Zaachila, fijado para el 8 de octubre, el ayuntamiento de Oaxaca de Ju\u00e1rez a\u00fan no cuenta con el terreno para acondicionar uno nuevo, por lo que permite el dep\u00f3sito ilegal de la basura a riberas del r\u00edo \u201cAyotac\u201d.<\/p>\n\n\n\n<p>Conforme pasan las semanas tras el precierre del basurero el pasado 13 de julio, en el que se limit\u00f3 el ingreso de recolectores particulares, el tiradero a cielo abierto en frente a la Central de Abasto de la capital se hace incontrolable.<\/p>\n\n\n\n<p>Los prestadores del servicio de recolecci\u00f3n de basura han encontrado en la orilla del r\u00edo la soluci\u00f3n a su demanda, luego que hab\u00edan permanecido por varios d\u00edas con los camiones parados llenos de desechos en espera de tener acceso al relleno sanitario, lo cual no ocurri\u00f3.<\/p>\n\n\n\n<p>El nuevo basurero \u201ctemporal\u201d, iniciado a mediados de agosto, se ha expandido por casi toda la ribera, pues nadie lleva a cabo la separaci\u00f3n de residuos como se acord\u00f3 entre el gremio y el ayuntamiento como condici\u00f3n para que pudieran depositar la basura, donde un cami\u00f3n del ayuntamiento recoger\u00eda parte de los residuos seleccionados.<\/p>\n\n\n\n<p>ABSOLUTO DESINTER\u00c9S<\/p>\n\n\n\n<p>Ni la autoridad, ni la ciudadan\u00eda ha puesto inter\u00e9s en este punto; lo importante por el momento es sacar la basura de sus hogares, mientras que, para los recolectores, seguir trabajando, haciendo de este espacio un foco de contaminaci\u00f3n, de fauna nociva y de enfermedades.<\/p>\n\n\n\n<p>Desde finales de julio, cuando indic\u00f3 sobre la posibilidad de instalar el nuevo basurero en jurisdicci\u00f3n de Etla u Ocotl\u00e1n, el edil Francisco Mart\u00ednez Neri no ha vuelto a informar a la poblaci\u00f3n sobre los avances en la soluci\u00f3n al problema de la basura.<\/p>\n\n\n\n<p>Para dar paso a un nuevo espacio, la autoridad requiere como m\u00ednimo un recurso de 60 millones de pesos, los cuales deb\u00edan conseguir pues el ayuntamiento no contaba con ese recurso, inform\u00f3 el presidente.<\/p>\n\n\n\n<p>En las colonias y agencias la aplicaci\u00f3n de medidas de separaci\u00f3n de basura es dif\u00edcil, por lo que la propuesta del ayuntamiento para agilizar el destino final de los residuos s\u00f3lidos, como alternativa encaminada a un nuevo modelo por aplicar, a\u00fan no se concreta e incluso, ciudadanos han denunciado que los mismos trabajadores de limpia p\u00fablica rompen las bolsas y mezclan la basura separada.<\/p>\n\n\n\n<figure class=\"wp-block-embed\"><div class=\"wp-block-embed__wrapper\">\n<div class=\"twitter-tweet\"><blockquote class=\"twitter-tweet\" data-lang=\"es\"><p lang=\"es\" dir=\"ltr\">Sin ning\u00fan inter\u00e9s del <a href=\"https:\/\/twitter.com\/MunicipioOaxaca?ref_src=twsrc%5Etfw\">@MunicipioOaxaca<\/a>, que encabeza <a href=\"https:\/\/twitter.com\/FMartinezNeri?ref_src=twsrc%5Etfw\">@FMartinezNeri<\/a>, por retirar la basura de las riberas del r\u00edo \u201cAtoyac\u201d y que arrojaron desde hace varias semanas los recolectores particulares. <br>Grave contaminaci\u00f3n, en las inmediaciones de la Central de Abasto de la capital. <a href=\"https:\/\/t.co\/2w4ZQoJYvk\">pic.twitter.com\/2w4ZQoJYvk<\/a><\/p>&mdash; Zona Roja Oaxaca (@ZonaRoja_Oaxaca) <a href=\"https:\/\/twitter.com\/ZonaRoja_Oaxaca\/status\/1566118458873593863?ref_src=twsrc%5Etfw\">3 de septiembre de 2022<\/a><\/blockquote><\/div>\n<\/div><\/figure>\n","protected":false},"excerpt":{"rendered":"<p>Yuridiana Sosa\/ Zona Roja. Oaxaca de Ju\u00e1rez, Oax., a 4 de septiembre de 2022.- Lo&hellip;<\/p>\n","protected":false},"author":2,"featured_media":45421,"comment_status":"closed","ping_status":"open","sticky":false,"template":"","format":"standard","meta":{"_lmt_disableupdate":"","_lmt_disable":"","_jetpack_memberships_contains_paid_content":false,"footnotes":""},"categories":[109,47],"tags":[148],"class_list":["post-45420","post","type-post","status-publish","format-standard","has-post-thumbnail","hentry","category-minuto-a-minuto","category-zona-gris","tag-oaxaca-de-juarez"],"jetpack_featured_media_url":"https:\/\/zonaroja.com.mx\/wp-content\/uploads\/2022\/09\/Basura-riberas-del-rio-Atoyac.jpg","jetpack_sharing_enabled":true,"_links":{"self":[{"href":"https:\/\/zonaroja.com.mx\/index.php?rest_route=\/wp\/v2\/posts\/45420","targetHints":{"allow":["GET"]}}],"collection":[{"href":"https:\/\/zonaroja.com.mx\/index.php?rest_route=\/wp\/v2\/posts"}],"about":[{"href":"https:\/\/zonaroja.com.mx\/index.php?rest_route=\/wp\/v2\/types\/post"}],"author":[{"embeddable":true,"href":"https:\/\/zonaroja.com.mx\/index.php?rest_route=\/wp\/v2\/users\/2"}],"replies":[{"embeddable":true,"href":"https:\/\/zonaroja.com.mx\/index.php?rest_route=%2Fwp%2Fv2%2Fcomments&post=45420"}],"version-history":[{"count":2,"href":"https:\/\/zonaroja.com.mx\/index.php?rest_route=\/wp\/v2\/posts\/45420\/revisions"}],"predecessor-version":[{"id":45434,"href":"https:\/\/zonaroja.com.mx\/index.php?rest_route=\/wp\/v2\/posts\/45420\/revisions\/45434"}],"wp:featuredmedia":[{"embeddable":true,"href":"https:\/\/zonaroja.com.mx\/index.php?rest_route=\/wp\/v2\/media\/45421"}],"wp:attachment":[{"href":"https:\/\/zonaroja.com.mx\/index.php?rest_route=%2Fwp%2Fv2%2Fmedia&parent=45420"}],"wp:term":[{"taxonomy":"category","embeddable":true,"href":"https:\/\/zonaroja.com.mx\/index.php?rest_route=%2Fwp%2Fv2%2Fcategories&post=45420"},{"taxonomy":"post_tag","embeddable":true,"href":"https:\/\/zonaroja.com.mx\/index.php?rest_route=%2Fwp%2Fv2%2Ftags&post=45420"}],"curies":[{"name":"wp","href":"https:\/\/api.w.org\/{rel}","templated":true}]}}