{"id":45423,"date":"2022-09-04T06:56:39","date_gmt":"2022-09-04T11:56:39","guid":{"rendered":"http:\/\/www.zonaroja.com.mx\/?p=45423"},"modified":"2022-09-04T06:56:41","modified_gmt":"2022-09-04T11:56:41","slug":"muerte-de-nina-ejemplo-del-riesgo-de-la-presencia-militar-en-seguridad-onu","status":"publish","type":"post","link":"https:\/\/zonaroja.com.mx\/?p=45423","title":{"rendered":"Muerte de ni\u00f1a, ejemplo del riesgo de la presencia militar en seguridad: ONU"},"content":{"rendered":"\n<p>Redacci\u00f3n\/Zona Roja Cdmx.<\/p>\n\n\n\n<p>Ciudad de M\u00e9xico, a 4 de septiembre de 2022.- Al condenar la muerte de la ni\u00f1a Heidi Mariana P\u00e9rez Rodr\u00edguez, por un balazo presuntamente consecuencia del uso de la fuerza letal por parte de elementos de la Secretar\u00eda de la Defensa Nacional (Sedena), la Oficina en M\u00e9xico del Alto Comisionado de Naciones Unidas para los Derechos Humanos (ONU-DH) destac\u00f3 que el caso ratifica \u201cel anunciado riesgo que entra\u00f1a la participaci\u00f3n militar en tareas de seguridad ciudadana\u201d.<\/p>\n\n\n\n<p>Igualmente, \u201cla importancia de fortalecer e implementar controles civiles sobre las fuerzas armadas\u201d, y que consolidar su participaci\u00f3n \u201cen funciones civiles que le son impropias debilita la democracia y es contraria a los est\u00e1ndares internacionales de derechos humanos\u201d.<\/p>\n\n\n\n<p>Guillermo Fern\u00e1ndez-Maldonado, representante en M\u00e9xico de la ONU-DH, urgi\u00f3 a las autoridades a iniciar una investigaci\u00f3n civil independiente sobre la muerte de la menor \u2013el 31 de agosto en Nuevo Laredo, Tamaulipas\u2013, que sea \u201cpronta y diligente, que incorpore est\u00e1ndares internacionales de derechos humanos, con pleno respeto del inter\u00e9s superior de la ni\u00f1ez, de conformidad con la Convenci\u00f3n sobre los Derechos del Ni\u00f1o\u201d.<\/p>\n\n\n\n<p>La indagatoria, dijo, \u201cdebe identificar a los responsables directos de la muerte de Heidi Mariana \u2013de cuatro a\u00f1os de edad\u2013, as\u00ed como las responsabilidades en la cadena de mando\u201d.<\/p>\n\n\n\n<p>La ONU-DH tambi\u00e9n inst\u00f3 a la Sedena a cumplir con tomar todas las medidas necesarias para cooperar con las autoridades civiles, entregar sin demora la informaci\u00f3n relevante para esclarecer el caso, asegurar que su personal colabore, as\u00ed como a identificar y erradicar toda pr\u00e1ctica institucional interna que permita, facilite o no prevenga la reiteraci\u00f3n de este tipo de hechos.<\/p>\n\n\n\n<p>Insisti\u00f3 que desde 1999, el Comit\u00e9 de los Derechos del Ni\u00f1o expres\u00f3 su \u201cinquietud ante la amenaza contra el derecho a la vida de los ni\u00f1os causada por el grado de militarizaci\u00f3n\u201d en el pa\u00eds.&nbsp;<\/p>\n\n\n\n<p>Asimismo, esta oficina ratific\u00f3 su compromiso para acompa\u00f1ar a la familia de Heidi Mariana y reconoci\u00f3 la labor de las personas defensoras que la respaldan.<\/p>\n\n\n\n<p>(Informaci\u00f3n de \u201cLa Jornada\u201d)<\/p>\n","protected":false},"excerpt":{"rendered":"<p>Redacci\u00f3n\/Zona Roja Cdmx. Ciudad de M\u00e9xico, a 4 de septiembre de 2022.- Al condenar la&hellip;<\/p>\n","protected":false},"author":2,"featured_media":45424,"comment_status":"closed","ping_status":"open","sticky":false,"template":"","format":"standard","meta":{"_lmt_disableupdate":"","_lmt_disable":"","_jetpack_memberships_contains_paid_content":false,"footnotes":""},"categories":[109,47],"tags":[278],"class_list":["post-45423","post","type-post","status-publish","format-standard","has-post-thumbnail","hentry","category-minuto-a-minuto","category-zona-gris","tag-guardia-nacional"],"jetpack_featured_media_url":"https:\/\/zonaroja.com.mx\/wp-content\/uploads\/2022\/09\/Guardia-Nacional-y-militares-en-las-calles.jpeg","jetpack_sharing_enabled":true,"_links":{"self":[{"href":"https:\/\/zonaroja.com.mx\/index.php?rest_route=\/wp\/v2\/posts\/45423","targetHints":{"allow":["GET"]}}],"collection":[{"href":"https:\/\/zonaroja.com.mx\/index.php?rest_route=\/wp\/v2\/posts"}],"about":[{"href":"https:\/\/zonaroja.com.mx\/index.php?rest_route=\/wp\/v2\/types\/post"}],"author":[{"embeddable":true,"href":"https:\/\/zonaroja.com.mx\/index.php?rest_route=\/wp\/v2\/users\/2"}],"replies":[{"embeddable":true,"href":"https:\/\/zonaroja.com.mx\/index.php?rest_route=%2Fwp%2Fv2%2Fcomments&post=45423"}],"version-history":[{"count":1,"href":"https:\/\/zonaroja.com.mx\/index.php?rest_route=\/wp\/v2\/posts\/45423\/revisions"}],"predecessor-version":[{"id":45425,"href":"https:\/\/zonaroja.com.mx\/index.php?rest_route=\/wp\/v2\/posts\/45423\/revisions\/45425"}],"wp:featuredmedia":[{"embeddable":true,"href":"https:\/\/zonaroja.com.mx\/index.php?rest_route=\/wp\/v2\/media\/45424"}],"wp:attachment":[{"href":"https:\/\/zonaroja.com.mx\/index.php?rest_route=%2Fwp%2Fv2%2Fmedia&parent=45423"}],"wp:term":[{"taxonomy":"category","embeddable":true,"href":"https:\/\/zonaroja.com.mx\/index.php?rest_route=%2Fwp%2Fv2%2Fcategories&post=45423"},{"taxonomy":"post_tag","embeddable":true,"href":"https:\/\/zonaroja.com.mx\/index.php?rest_route=%2Fwp%2Fv2%2Ftags&post=45423"}],"curies":[{"name":"wp","href":"https:\/\/api.w.org\/{rel}","templated":true}]}}