{"id":45426,"date":"2022-09-04T10:56:00","date_gmt":"2022-09-04T15:56:00","guid":{"rendered":"http:\/\/www.zonaroja.com.mx\/?p=45426"},"modified":"2022-09-04T07:05:31","modified_gmt":"2022-09-04T12:05:31","slug":"desastre-en-pakistan-por-lluvias-1200-muertos-y-33-millones-de-afectados","status":"publish","type":"post","link":"https:\/\/zonaroja.com.mx\/?p=45426","title":{"rendered":"Desastre en Pakist\u00e1n por lluvias: 1,200 muertos y 33 millones de afectados"},"content":{"rendered":"\n<p>Redacci\u00f3n\/Zona Roja Cdmx.<\/p>\n\n\n\n<p>Ciudad de M\u00e9xico a 4 de septiembre de 2022.- Pakist\u00e1n est\u00e1 devastada por las peores inundaciones que ha registrado el pa\u00eds en una d\u00e9cada, que han dejado m\u00e1s de mil 200 muertos.&nbsp;<\/p>\n\n\n\n<p>La&nbsp;Administraci\u00f3n Nacional de Aeron\u00e1utica y el Espacio (NASA, por su sigla en ingl\u00e9s) comparti\u00f3 fotos satelitales para comparar la gravedad de la situaci\u00f3n. Las inundaciones han afectado a m\u00e1s de 33 millones de personas y destruido o da\u00f1ado m\u00e1s de un mill\u00f3n de casas, pues decenas de miles de kil\u00f3metros cuadrados del pa\u00eds, de acuerdo con la&nbsp;Autoridad Nacional de Gesti\u00f3n de Desastres de Pakist\u00e1n.&nbsp;<\/p>\n\n\n\n<p>Las im\u00e1genes de la NASA fueron capturadas entre el 4 y el 28 de agosto por Operational Lan Imagers, a bordo de los sat\u00e9lites&nbsp;Landsat 8 y Landsat 9, respectivamente.&nbsp;<\/p>\n\n\n\n<p>La NASA combin\u00f3 distintos tipos de luz visible e infrarroja para distinguir mejor las aguas de inundaci\u00f3n (con un color azul profundo) m\u00e1s all\u00e1 de sus canales naturales.&nbsp;<\/p>\n\n\n\n<p>\u00abLas peores inundaciones ocurrieron a lo largo del r\u00edo Indo en las provincias de Punjab, Khyber Pakhtunkhwa, Baluchist\u00e1n y Sindh. En lo que va del a\u00f1o, las provincias de Baluchist\u00e1n y Sindh han recibido entre cinco y seis veces el promedio de precipitaciones de los \u00faltimos 30 a\u00f1os\u00bb, indic\u00f3 la instancia.<\/p>\n\n\n\n<p>Las situaci\u00f3n es cr\u00edtica debido al inmenso volumen de lluvia y deshielo,&nbsp; lo que ha inundado las represas, embalses y canales del altamente desarrollado sistema de riego del pa\u00eds, indic\u00f3 la NASA.&nbsp;<\/p>\n\n\n\n<p>En el sur de la cuenca del Indo, el diluvio convirti\u00f3 las llanuras en mares. Los distritos de Qambar y Shikarpur, en la provincia de Sindh, recibieron 500 por ciento m\u00e1s lluvia que el promedio del 1 de julio al 31 de agosto.<\/p>\n\n\n\n<p>CAMBIO CLIM\u00c1TICO<\/p>\n\n\n\n<p>Varias autoridades culparon al cambio clim\u00e1tico de unas lluvias monz\u00f3nicas inusuales y de las crecidas. Uno de ellos fue el secretario general de Naciones Unidas, Ant\u00f3nio Guterres, quien a principios de semana pidi\u00f3 al mundo que dejase de ignorar la letal crisis.&nbsp;<\/p>\n\n\n\n<p>Pakist\u00e1n tambi\u00e9n achaca al cambio clim\u00e1tico las recientes e intensas precipitaciones del monz\u00f3n. Asim Iftikhar, vocero del Ministerio de Exteriores, dijo que la crisis ha dado credibilidad a las advertencias de los cient\u00edficos: \u00abesto no es una conspiraci\u00f3n, esta es una realidad y debemos ser conscientes\u00bb.&nbsp;<\/p>\n\n\n\n<p>Desde 1959, Pakist\u00e1n ha emitido alrededor del 0.4 por ciento del di\u00f3xido de carbono, frente al 21.5 por ciento de Estados Unidos y al 16.4 por ciento de China, seg\u00fan especialistas.&nbsp;<\/p>\n\n\n\n<p>Las autoridades y los expertos paquistan\u00edes dicen que la medias de las precipitaciones se ha incrementado un 400 por ciento en zonas como Baluchist\u00e1n y Sindh, lo que caus\u00f3 las inundaciones extremas.&nbsp;<\/p>\n\n\n\n<p>Funcionarios del pa\u00eds indicaron ayer que las familias y los ni\u00f1os corren un riesgo especial de contraer enfermedades y quedarse sin hogar. El operativo de rescate apoyado por el ej\u00e9rcito lleg\u00f3 a m\u00e1s de tres millones de personas afectadas por las hist\u00f3ricas inundaciones en el resto del pa\u00eds.&nbsp;<\/p>\n\n\n\n<p>(Con informaci\u00f3n de AP, en \u201cMilenio\u201d)<\/p>\n","protected":false},"excerpt":{"rendered":"<p>Redacci\u00f3n\/Zona Roja Cdmx. Ciudad de M\u00e9xico a 4 de septiembre de 2022.- Pakist\u00e1n est\u00e1 devastada&hellip;<\/p>\n","protected":false},"author":2,"featured_media":45427,"comment_status":"closed","ping_status":"open","sticky":false,"template":"","format":"standard","meta":{"_lmt_disableupdate":"","_lmt_disable":"","_jetpack_memberships_contains_paid_content":false,"footnotes":""},"categories":[109,47],"tags":[3247],"class_list":["post-45426","post","type-post","status-publish","format-standard","has-post-thumbnail","hentry","category-minuto-a-minuto","category-zona-gris","tag-pakistan"],"jetpack_featured_media_url":"https:\/\/zonaroja.com.mx\/wp-content\/uploads\/2022\/09\/Lluvias-Pakistan.webp","jetpack_sharing_enabled":true,"_links":{"self":[{"href":"https:\/\/zonaroja.com.mx\/index.php?rest_route=\/wp\/v2\/posts\/45426","targetHints":{"allow":["GET"]}}],"collection":[{"href":"https:\/\/zonaroja.com.mx\/index.php?rest_route=\/wp\/v2\/posts"}],"about":[{"href":"https:\/\/zonaroja.com.mx\/index.php?rest_route=\/wp\/v2\/types\/post"}],"author":[{"embeddable":true,"href":"https:\/\/zonaroja.com.mx\/index.php?rest_route=\/wp\/v2\/users\/2"}],"replies":[{"embeddable":true,"href":"https:\/\/zonaroja.com.mx\/index.php?rest_route=%2Fwp%2Fv2%2Fcomments&post=45426"}],"version-history":[{"count":1,"href":"https:\/\/zonaroja.com.mx\/index.php?rest_route=\/wp\/v2\/posts\/45426\/revisions"}],"predecessor-version":[{"id":45428,"href":"https:\/\/zonaroja.com.mx\/index.php?rest_route=\/wp\/v2\/posts\/45426\/revisions\/45428"}],"wp:featuredmedia":[{"embeddable":true,"href":"https:\/\/zonaroja.com.mx\/index.php?rest_route=\/wp\/v2\/media\/45427"}],"wp:attachment":[{"href":"https:\/\/zonaroja.com.mx\/index.php?rest_route=%2Fwp%2Fv2%2Fmedia&parent=45426"}],"wp:term":[{"taxonomy":"category","embeddable":true,"href":"https:\/\/zonaroja.com.mx\/index.php?rest_route=%2Fwp%2Fv2%2Fcategories&post=45426"},{"taxonomy":"post_tag","embeddable":true,"href":"https:\/\/zonaroja.com.mx\/index.php?rest_route=%2Fwp%2Fv2%2Ftags&post=45426"}],"curies":[{"name":"wp","href":"https:\/\/api.w.org\/{rel}","templated":true}]}}