{"id":45435,"date":"2022-09-04T15:39:04","date_gmt":"2022-09-04T20:39:04","guid":{"rendered":"http:\/\/www.zonaroja.com.mx\/?p=45435"},"modified":"2022-09-04T15:39:05","modified_gmt":"2022-09-04T20:39:05","slug":"demanda-seccion-22-a-sedena-castigue-a-feminicida-de-profesora","status":"publish","type":"post","link":"https:\/\/zonaroja.com.mx\/?p=45435","title":{"rendered":"Demanda Secci\u00f3n 22 a Sedena castigue a feminicida de profesora"},"content":{"rendered":"\n<p>Redacci\u00f3n\/Zona Roja.<\/p>\n\n\n\n<p>Oaxaca de Ju\u00e1rez, Oax., a 4 de septiembre de 2022.- Debido a que el presunto feminicida forma parte del Ej\u00e9rcito Mexicano, la Secci\u00f3n 22 del SNTE exigi\u00f3 a la Secretar\u00eda de la Defensa Nacional castigue tambi\u00e9n al probable feminicida de la profesora Susana R. G.<\/p>\n\n\n\n<p>La mujer muri\u00f3 el pasado mi\u00e9rcoles en un hospital de la ciudad de Oaxaca, luego de haber sido golpeada por su esposa, Jhovany G. L., en su domicilio de San Agust\u00edn de las Juntas, municipio conurbado a la capital.<\/p>\n\n\n\n<p>Apenas llevaban tres meses de casados pero la docente ya lo hab\u00eda denunciado ante la autoridad municipal, que deb\u00eda realizar rondines frecuentes por el domicilio de la pareja, para evitar agresiones.<\/p>\n\n\n\n<p>De acuerdo con un comunicado de la Secci\u00f3n 22 del Sindicato Nacional de Trabajadores de la Educaci\u00f3n, la profesora Susana R. G. Contaba con tres a\u00f1os de servicio y laboraba en las escuelas primaria \u201cRicardo Flores Mag\u00f3n\u201d de San Juan Teponaxtla y \u201cBenito Ju\u00e1rez\u201d de San Sebasti\u00e1n Tlacolula, perteneciente a San Juan Tepeuxila, Cuicatl\u00e1n, en la regi\u00f3n de la Ca\u00f1ada, donde prest\u00f3 sus servicios educativos como maestra de Educaci\u00f3n F\u00edsica.&nbsp;<\/p>\n\n\n\n<p>\u201cSin embargo, el pasado 30 de agosto le fue arrebatada la vida de manera brutal y cobarde\u2026<\/p>\n\n\n\n<p>\u201cComo Movimiento Democr\u00e1tico de los Trabajadores de la Educaci\u00f3n de Oaxaca (MDTEO) exigimos al Gobierno del Estado, a la Fiscal\u00eda General de Oaxaca y al Ej\u00e9rcito Mexicano, debido a que el agresor pertenece a las fuerzas castrenses, castigo al responsable del feminicidio de nuestra compa\u00f1era al tiempo que manifestamos que nos mantendremos vigilantes, junto a los familiares y amigos, del actuar de las autoridades para que este crimen no quede en la impunidad\u201d, destac\u00f3.&nbsp;<\/p>\n\n\n\n<p>En su comunicado de prensa, expuso que los hechos de violencia que vive el pa\u00eds y, sin excepci\u00f3n, el estado de Oaxaca, siguen en incremento \u201cdesencadenando un clima de impunidad y falta de acceso de las v\u00edctimas a una verdadera justicia.<\/p>\n\n\n\n<p>\u201cEn esta generalidad que no distingue condici\u00f3n alguna, se suman actos alarmantes de violencias cometidas en contra de las mujeres y ni\u00f1as que revelan la falta de sensibilidad y capacidad de las autoridades para responder a la magnitud de estos hechos.<\/p>\n\n\n\n<p>\u201cLamentablemente, nuestro gremio no escapa de estas circunstancias que dejan luto, desolaci\u00f3n y una enorme brecha de impunidad para que las v\u00edctimas de violencia o los familiares de las mismas, alcancen justicia.<\/p>\n\n\n\n<p>\u201cDe manera particular la violencia feminicida en contra de nuestras compa\u00f1eras trabajadoras de la educaci\u00f3n, tambi\u00e9n es un fen\u00f3meno que se refleja en tan lamentables acontecimientos, tal es el reciente caso de nuestra compa\u00f1era Susana R. G., v\u00edctima de feminicidio\u201d, puntualiz\u00f3.<\/p>\n","protected":false},"excerpt":{"rendered":"<p>Redacci\u00f3n\/Zona Roja. Oaxaca de Ju\u00e1rez, Oax., a 4 de septiembre de 2022.- Debido a que&hellip;<\/p>\n","protected":false},"author":2,"featured_media":45436,"comment_status":"closed","ping_status":"open","sticky":false,"template":"","format":"standard","meta":{"_lmt_disableupdate":"","_lmt_disable":"","_jetpack_memberships_contains_paid_content":false,"footnotes":""},"categories":[109,47],"tags":[],"class_list":["post-45435","post","type-post","status-publish","format-standard","has-post-thumbnail","hentry","category-minuto-a-minuto","category-zona-gris"],"jetpack_featured_media_url":"https:\/\/zonaroja.com.mx\/wp-content\/uploads\/2022\/09\/Susana-Rodrifuez-Gomez.jpeg","jetpack_sharing_enabled":true,"_links":{"self":[{"href":"https:\/\/zonaroja.com.mx\/index.php?rest_route=\/wp\/v2\/posts\/45435","targetHints":{"allow":["GET"]}}],"collection":[{"href":"https:\/\/zonaroja.com.mx\/index.php?rest_route=\/wp\/v2\/posts"}],"about":[{"href":"https:\/\/zonaroja.com.mx\/index.php?rest_route=\/wp\/v2\/types\/post"}],"author":[{"embeddable":true,"href":"https:\/\/zonaroja.com.mx\/index.php?rest_route=\/wp\/v2\/users\/2"}],"replies":[{"embeddable":true,"href":"https:\/\/zonaroja.com.mx\/index.php?rest_route=%2Fwp%2Fv2%2Fcomments&post=45435"}],"version-history":[{"count":1,"href":"https:\/\/zonaroja.com.mx\/index.php?rest_route=\/wp\/v2\/posts\/45435\/revisions"}],"predecessor-version":[{"id":45437,"href":"https:\/\/zonaroja.com.mx\/index.php?rest_route=\/wp\/v2\/posts\/45435\/revisions\/45437"}],"wp:featuredmedia":[{"embeddable":true,"href":"https:\/\/zonaroja.com.mx\/index.php?rest_route=\/wp\/v2\/media\/45436"}],"wp:attachment":[{"href":"https:\/\/zonaroja.com.mx\/index.php?rest_route=%2Fwp%2Fv2%2Fmedia&parent=45435"}],"wp:term":[{"taxonomy":"category","embeddable":true,"href":"https:\/\/zonaroja.com.mx\/index.php?rest_route=%2Fwp%2Fv2%2Fcategories&post=45435"},{"taxonomy":"post_tag","embeddable":true,"href":"https:\/\/zonaroja.com.mx\/index.php?rest_route=%2Fwp%2Fv2%2Ftags&post=45435"}],"curies":[{"name":"wp","href":"https:\/\/api.w.org\/{rel}","templated":true}]}}