{"id":45439,"date":"2022-09-04T16:42:16","date_gmt":"2022-09-04T21:42:16","guid":{"rendered":"https:\/\/www.zonaroja.com.mx\/?p=45439"},"modified":"2022-09-04T16:43:36","modified_gmt":"2022-09-04T21:43:36","slug":"45439","status":"publish","type":"post","link":"https:\/\/zonaroja.com.mx\/?p=45439","title":{"rendered":"Se imponen padres a maestros y regresar\u00e1n a clase presenciales, en escuela de Oaxaca"},"content":{"rendered":"\n<p>Redacci\u00f3n\/Zona Roja.<\/p>\n\n\n\n<p>Oaxaca de Ju\u00e1rez, Oax. 04 de septiembre de 2022.-&nbsp;Tras una asamblea general efectuada este domingo, padres de familia se impusieron y lograron que se inicien clases en una escuela de la capital oaxaque\u00f1a.&nbsp;<\/p>\n\n\n\n<p>En un comunicado, el&nbsp;Instituto Estatal de Educaci\u00f3n P\u00fablica de Oaxaca (IEEPO) reconoci\u00f3 la disposici\u00f3n de las autoridades escolares, madres&nbsp; y padres de familia de la Escuela Primaria Urbana Federal \u201cEspa\u00f1a\u201d, para lograr por medio del di\u00e1logo, la concertaci\u00f3n y el consenso, acuerdos de soluci\u00f3n a la problem\u00e1tica interna y diferencias en ese plantel de la ciudad de Oaxaca de Ju\u00e1rez.<\/p>\n\n\n\n<p>Indic\u00f3 que, priorizando el derecho a la educaci\u00f3n, con la intervenci\u00f3n oportuna del Instituto que en coordinaci\u00f3n con la dirigencia magisterial de la Secci\u00f3n 22 convoc\u00f3 a una Asamblea General para este domingo, \u201cen un marco de civilidad y respeto se dio atenci\u00f3n a diferentes asuntos; entre ellos, el regreso presencial a clases que se determin\u00f3 ser\u00e1 a partir&nbsp;del pr\u00f3ximo lunes&nbsp;12 de septiembre\u201d.<\/p>\n\n\n\n<p>Para ello, el IEEPO, a trav\u00e9s del \u00e1rea de Protecci\u00f3n Civil y Emergencia Escolar, acudir\u00e1&nbsp;este lunes&nbsp;5&nbsp;de septiembre a realizar la revisi\u00f3n f\u00edsica de las instalaciones y a capacitar a la comunidad escolar sobre las&nbsp; acciones y protocolos correspondientes al cuidado de la salud y el retorno seguro, responsable y ordenado al plantel.<\/p>\n\n\n\n<p>El IEEPO a\u00f1adi\u00f3 que con la finalidad de cumplir con los planes y programas de estudio para los distintos niveles educativos, el Gobierno del Estado public\u00f3 en el Peri\u00f3dico Oficial de fecha 27 de agosto de 2022, el Acuerdo por el que se determina el regreso a clases presenciales en la Escuelas de Educaci\u00f3n B\u00e1sica, Normal y dem\u00e1s para la formaci\u00f3n de maestros en el estado de Oaxaca, para el ciclo escolar 2022-2023.<\/p>\n\n\n\n<p>\u201cLo anterior, considerando que el avance en la Pol\u00edtica Nacional de Vacunaci\u00f3n emprendida por el Gobierno Federal para mitigar la dispersi\u00f3n y transmisi\u00f3n del virus SARS-CoV-2 (Covid-19), ha disminuido el riesgo de contagio en la poblaci\u00f3n, haciendo posible, entre otros, el regreso presencial a las aulas con las medidas de prevenci\u00f3n y cuidado que sigan favoreciendo las condiciones sanitarias \u00f3ptimas en beneficio de las y los educandos del Sistema Educativo nacional.<\/p>\n\n\n\n<p>\u201cEl documento, se encuentra disponible para su consulta en el enlace&nbsp;<a href=\"https:\/\/transparencia.ieepo.gob.mx\/DSJ\/ACUERDOS\/2022\/Acuerdo24-08-22.pdf\">https:\/\/transparencia.ieepo.gob.mx\/DSJ\/ACUERDOS\/2022\/Acuerdo24-08-22.pdf<\/a>&nbsp;.<\/p>\n\n\n\n<p>\u201cEn Oaxaca la comunidad educativa ha sido ejemplo de civilidad y gracias a ellas y ellos se ha logrado que en la entidad la educaci\u00f3n inclusiva, equitativa y de calidad se fortalezca en la construcci\u00f3n de una mejor sociedad. Como en este caso, el IEEPO reitera la disposici\u00f3n y total apertura de continuar con el acompa\u00f1amiento necesario a la comunidad escolar\u201d, refiri\u00f3.&nbsp;<\/p>\n\n\n\n<p>Fue el pasado fin de semana en que los padres de familia comenzaron a protestar en el exterior del plantel para exigir clases presenciales; la inconformidad se increment\u00f3 el lunes anterior en que inici\u00f3 el ciclo escolar. <\/p>\n","protected":false},"excerpt":{"rendered":"<p>Redacci\u00f3n\/Zona Roja. Oaxaca de Ju\u00e1rez, Oax. 04 de septiembre de 2022.-&nbsp;Tras una asamblea general efectuada&hellip;<\/p>\n","protected":false},"author":2,"featured_media":45438,"comment_status":"closed","ping_status":"open","sticky":false,"template":"","format":"standard","meta":{"_lmt_disableupdate":"","_lmt_disable":"","_jetpack_memberships_contains_paid_content":false,"footnotes":""},"categories":[109,46],"tags":[],"class_list":["post-45439","post","type-post","status-publish","format-standard","has-post-thumbnail","hentry","category-minuto-a-minuto","category-zona-blanca"],"jetpack_featured_media_url":"https:\/\/zonaroja.com.mx\/wp-content\/uploads\/2022\/09\/img_8228.jpg","jetpack_sharing_enabled":true,"_links":{"self":[{"href":"https:\/\/zonaroja.com.mx\/index.php?rest_route=\/wp\/v2\/posts\/45439","targetHints":{"allow":["GET"]}}],"collection":[{"href":"https:\/\/zonaroja.com.mx\/index.php?rest_route=\/wp\/v2\/posts"}],"about":[{"href":"https:\/\/zonaroja.com.mx\/index.php?rest_route=\/wp\/v2\/types\/post"}],"author":[{"embeddable":true,"href":"https:\/\/zonaroja.com.mx\/index.php?rest_route=\/wp\/v2\/users\/2"}],"replies":[{"embeddable":true,"href":"https:\/\/zonaroja.com.mx\/index.php?rest_route=%2Fwp%2Fv2%2Fcomments&post=45439"}],"version-history":[{"count":2,"href":"https:\/\/zonaroja.com.mx\/index.php?rest_route=\/wp\/v2\/posts\/45439\/revisions"}],"predecessor-version":[{"id":45441,"href":"https:\/\/zonaroja.com.mx\/index.php?rest_route=\/wp\/v2\/posts\/45439\/revisions\/45441"}],"wp:featuredmedia":[{"embeddable":true,"href":"https:\/\/zonaroja.com.mx\/index.php?rest_route=\/wp\/v2\/media\/45438"}],"wp:attachment":[{"href":"https:\/\/zonaroja.com.mx\/index.php?rest_route=%2Fwp%2Fv2%2Fmedia&parent=45439"}],"wp:term":[{"taxonomy":"category","embeddable":true,"href":"https:\/\/zonaroja.com.mx\/index.php?rest_route=%2Fwp%2Fv2%2Fcategories&post=45439"},{"taxonomy":"post_tag","embeddable":true,"href":"https:\/\/zonaroja.com.mx\/index.php?rest_route=%2Fwp%2Fv2%2Ftags&post=45439"}],"curies":[{"name":"wp","href":"https:\/\/api.w.org\/{rel}","templated":true}]}}