{"id":45442,"date":"2022-09-04T21:14:37","date_gmt":"2022-09-05T02:14:37","guid":{"rendered":"http:\/\/www.zonaroja.com.mx\/?p=45442"},"modified":"2022-09-04T21:14:38","modified_gmt":"2022-09-05T02:14:38","slug":"de-nuevo-en-oaxaca-mata-a-balazos-a-su-esposa-y-luego-se-suicida","status":"publish","type":"post","link":"https:\/\/zonaroja.com.mx\/?p=45442","title":{"rendered":"De nuevo en Oaxaca: mata a balazos a su esposa y luego se suicida"},"content":{"rendered":"\n<p>Ismael Garc\u00eda M.\/Zona Roja.<\/p>\n\n\n\n<p>Oaxaca de Ju\u00e1rez, Oax., a 4 de septiembre de 2022.- Tras una convivencia familiar y una discusi\u00f3n en el domicilio de una comunidad de Oaxaca, un individuo accion\u00f3 un arma de fuego y mat\u00f3 a su esposa, para luego suicidarse.<\/p>\n\n\n\n<p>El hecho ocurri\u00f3 entre la noche del s\u00e1bado y la madrugada de este domingo, en la localidad El Azufre, perteneciente al municipio de Villa de Tututepec, en la regi\u00f3n de la Costa.<\/p>\n\n\n\n<p>De acuerdo con los primeros reportes policiacos, la familia conviv\u00eda en un domicilio pero al parecer por el efecto de las bebidas embriagantes, el sujeto identificado como Rub\u00e9n \u201cN\u201d., de 35 a\u00f1os de edad, sac\u00f3 una escopeta, mat\u00f3 a su esposa de nombre Yuliana \u201cN\u201d y luego se quit\u00f3 la vida.<\/p>\n\n\n\n<p>Corporaciones polic\u00edas arribaron al hogar para resguardar la escena del crimen, mientras que la Vicefiscal\u00eda Regional de la Costa inici\u00f3 las indagatorias correspondientes.<\/p>\n\n\n\n<p>Apenas el lunes de la semana pasada, en su hogar en el municipio de San Agust\u00edn de las Juntas, un individuo, integrante del Ej\u00e9rcito Mexicano, golpe\u00f3 a su esposa, Susana R. G., quien muri\u00f3 el 30 de agosto en un hospital de la ciudad de Oaxaca.<\/p>\n\n\n\n<p>El 19 de agosto pasado, luego de una discusi\u00f3n con su esposo, la joven Flor Abigail H. U. fue detenida y llevada a los separos del municipio de Salina Cruz, donde presuntamente se suicid\u00f3.<\/p>\n\n\n\n<p>Su pareja no fue detenido y los padres de la madre de dos menores de edad han exigido que sea detenido.<\/p>\n\n\n\n<p>OTRO HOMICIDIO<\/p>\n\n\n\n<p>Por otra parte, anoche fue asesinado a balazos una persona del sexo masculino, en el municipio de Santiago Jamiltepec, tambi\u00e9n de la regi\u00f3n Costa.<\/p>\n\n\n\n<p>Presuntamente fue resultado de un ataque armado sobre la carretera federal 200, en inmediaciones de la colonia Aviaci\u00f3n y la v\u00edctima fue identificada como L. M. M., de 39 a\u00f1os de edad.<\/p>\n","protected":false},"excerpt":{"rendered":"<p>Ismael Garc\u00eda M.\/Zona Roja. Oaxaca de Ju\u00e1rez, Oax., a 4 de septiembre de 2022.- Tras&hellip;<\/p>\n","protected":false},"author":2,"featured_media":34292,"comment_status":"closed","ping_status":"open","sticky":false,"template":"","format":"standard","meta":{"_lmt_disableupdate":"","_lmt_disable":"","_jetpack_memberships_contains_paid_content":false,"footnotes":""},"categories":[109,51],"tags":[1203],"class_list":["post-45442","post","type-post","status-publish","format-standard","has-post-thumbnail","hentry","category-minuto-a-minuto","category-zona-roja","tag-villa-de-tututepec"],"jetpack_featured_media_url":"https:\/\/zonaroja.com.mx\/wp-content\/uploads\/2021\/11\/Mujer-asesinada-feminicidio-violencia-3.jpg","jetpack_sharing_enabled":true,"_links":{"self":[{"href":"https:\/\/zonaroja.com.mx\/index.php?rest_route=\/wp\/v2\/posts\/45442","targetHints":{"allow":["GET"]}}],"collection":[{"href":"https:\/\/zonaroja.com.mx\/index.php?rest_route=\/wp\/v2\/posts"}],"about":[{"href":"https:\/\/zonaroja.com.mx\/index.php?rest_route=\/wp\/v2\/types\/post"}],"author":[{"embeddable":true,"href":"https:\/\/zonaroja.com.mx\/index.php?rest_route=\/wp\/v2\/users\/2"}],"replies":[{"embeddable":true,"href":"https:\/\/zonaroja.com.mx\/index.php?rest_route=%2Fwp%2Fv2%2Fcomments&post=45442"}],"version-history":[{"count":1,"href":"https:\/\/zonaroja.com.mx\/index.php?rest_route=\/wp\/v2\/posts\/45442\/revisions"}],"predecessor-version":[{"id":45443,"href":"https:\/\/zonaroja.com.mx\/index.php?rest_route=\/wp\/v2\/posts\/45442\/revisions\/45443"}],"wp:featuredmedia":[{"embeddable":true,"href":"https:\/\/zonaroja.com.mx\/index.php?rest_route=\/wp\/v2\/media\/34292"}],"wp:attachment":[{"href":"https:\/\/zonaroja.com.mx\/index.php?rest_route=%2Fwp%2Fv2%2Fmedia&parent=45442"}],"wp:term":[{"taxonomy":"category","embeddable":true,"href":"https:\/\/zonaroja.com.mx\/index.php?rest_route=%2Fwp%2Fv2%2Fcategories&post=45442"},{"taxonomy":"post_tag","embeddable":true,"href":"https:\/\/zonaroja.com.mx\/index.php?rest_route=%2Fwp%2Fv2%2Ftags&post=45442"}],"curies":[{"name":"wp","href":"https:\/\/api.w.org\/{rel}","templated":true}]}}