{"id":45444,"date":"2022-09-05T06:42:17","date_gmt":"2022-09-05T11:42:17","guid":{"rendered":"http:\/\/www.zonaroja.com.mx\/?p=45444"},"modified":"2022-09-05T06:42:18","modified_gmt":"2022-09-05T11:42:18","slug":"toman-pobladores-de-san-bartolo-coyotepec-empresa-refresquera-gugar","status":"publish","type":"post","link":"https:\/\/zonaroja.com.mx\/?p=45444","title":{"rendered":"\u201cToman\u201d pobladores de San Bartolo Coyotepec empresa refresquera Gugar"},"content":{"rendered":"\n<p>Redacci\u00f3n\/Zona Roja.<\/p>\n\n\n\n<p>Oaxaca de Ju\u00e1rez, Oax., aa 5 de septiembre de 2022.- Cientos de pobladores de San Bartolo Coyotepec cerraron los accesos a la empresa refresquera Gugar S. A. de C. V., tras una marcha que parti\u00f3 del palacio municipal.<\/p>\n\n\n\n<p>Acompa\u00f1ado de autoridades municipales y agrarias, la movilizaci\u00f3n inici\u00f3 alrededor de las 04:30 horas y arrib\u00f3 a las instalaciones de la empresa, ubicada en la calle -que conduce a las sedes del Poder Judicial de la Federaci\u00f3n y de la Fiscal\u00eda General de la Rep\u00fablica- a eso de las 06:00 horas.<\/p>\n\n\n\n<p>Como lo dieron a conocer desde la semana pasada, la determinaci\u00f3n se tom\u00f3 debido a que Gugar saquea sus pozos y afecta a las familias campesinas por la actividad que realiza, la empresa dedicada a la venta de refrescos y agua embotellada<\/p>\n\n\n\n<p>En el 2007 la comunidad inici\u00f3 un juicio agrario en el que reclam\u00f3 la restituci\u00f3n de sus tierras y cuyo fallo, emitido por el Tribunal Unitario Agrario hasta 2018, le dio la raz\u00f3n.&nbsp;<\/p>\n\n\n\n<p>Se\u00f1alaron que las distintas autoridades de la comunidad se han unido para la defensa del agua y que el \u00fanico objetivo que buscan es que la empresa refresquera se vaya de la comunidad.<\/p>\n\n\n\n<p>Gugar se instal\u00f3 y present\u00f3 en esta comunidad como una empresa dedicada a la fabricaci\u00f3n de taparroscas, actividad a la que despu\u00e9s agreg\u00f3 la de la venta y distribuci\u00f3n de refresco y agua purificada.<\/p>\n\n\n\n<figure class=\"wp-block-embed is-type-rich is-provider-twitter wp-block-embed-twitter\"><div class=\"wp-block-embed__wrapper\">\n<div class=\"twitter-tweet\"><blockquote class=\"twitter-tweet\" data-lang=\"es\"><p lang=\"es\" dir=\"ltr\"><a href=\"https:\/\/twitter.com\/hashtag\/%C3%9AltimoMinuto?src=hash&amp;ref_src=twsrc%5Etfw\">#\u00daltimoMinuto<\/a><br>Tras una marcha desde el palacio municipal, habitantes de San Bartolo  Coyotepec, <a href=\"https:\/\/twitter.com\/hashtag\/Oaxaca?src=hash&amp;ref_src=twsrc%5Etfw\">#Oaxaca<\/a>, arriban a la sede de la empresa refresquera <a href=\"https:\/\/twitter.com\/hashtag\/Gugar?src=hash&amp;ref_src=twsrc%5Etfw\">#Gugar<\/a> S. A., y se instalan en el exterior, para exigir su salida de la poblaci\u00f3n, ante lo que consideran despojo de tierra y agua. <a href=\"https:\/\/t.co\/PQ74dAESNa\">pic.twitter.com\/PQ74dAESNa<\/a><\/p>&mdash; Zona Roja Oaxaca (@ZonaRoja_Oaxaca) <a href=\"https:\/\/twitter.com\/ZonaRoja_Oaxaca\/status\/1566745385611284484?ref_src=twsrc%5Etfw\">5 de septiembre de 2022<\/a><\/blockquote><\/div>\n<\/div><\/figure>\n","protected":false},"excerpt":{"rendered":"<p>Redacci\u00f3n\/Zona Roja. Oaxaca de Ju\u00e1rez, Oax., aa 5 de septiembre de 2022.- Cientos de pobladores&hellip;<\/p>\n","protected":false},"author":2,"featured_media":45445,"comment_status":"closed","ping_status":"open","sticky":false,"template":"","format":"standard","meta":{"_lmt_disableupdate":"","_lmt_disable":"","_jetpack_memberships_contains_paid_content":false,"footnotes":""},"categories":[109,46],"tags":[3248,1155],"class_list":["post-45444","post","type-post","status-publish","format-standard","has-post-thumbnail","hentry","category-minuto-a-minuto","category-zona-blanca","tag-empresa-refresquera-gugar","tag-san-bartolo-coyotepec"],"jetpack_featured_media_url":"https:\/\/zonaroja.com.mx\/wp-content\/uploads\/2022\/09\/Protesta-San-Bartolo-Coyotepec-Gugar.jpg","jetpack_sharing_enabled":true,"_links":{"self":[{"href":"https:\/\/zonaroja.com.mx\/index.php?rest_route=\/wp\/v2\/posts\/45444","targetHints":{"allow":["GET"]}}],"collection":[{"href":"https:\/\/zonaroja.com.mx\/index.php?rest_route=\/wp\/v2\/posts"}],"about":[{"href":"https:\/\/zonaroja.com.mx\/index.php?rest_route=\/wp\/v2\/types\/post"}],"author":[{"embeddable":true,"href":"https:\/\/zonaroja.com.mx\/index.php?rest_route=\/wp\/v2\/users\/2"}],"replies":[{"embeddable":true,"href":"https:\/\/zonaroja.com.mx\/index.php?rest_route=%2Fwp%2Fv2%2Fcomments&post=45444"}],"version-history":[{"count":1,"href":"https:\/\/zonaroja.com.mx\/index.php?rest_route=\/wp\/v2\/posts\/45444\/revisions"}],"predecessor-version":[{"id":45446,"href":"https:\/\/zonaroja.com.mx\/index.php?rest_route=\/wp\/v2\/posts\/45444\/revisions\/45446"}],"wp:featuredmedia":[{"embeddable":true,"href":"https:\/\/zonaroja.com.mx\/index.php?rest_route=\/wp\/v2\/media\/45445"}],"wp:attachment":[{"href":"https:\/\/zonaroja.com.mx\/index.php?rest_route=%2Fwp%2Fv2%2Fmedia&parent=45444"}],"wp:term":[{"taxonomy":"category","embeddable":true,"href":"https:\/\/zonaroja.com.mx\/index.php?rest_route=%2Fwp%2Fv2%2Fcategories&post=45444"},{"taxonomy":"post_tag","embeddable":true,"href":"https:\/\/zonaroja.com.mx\/index.php?rest_route=%2Fwp%2Fv2%2Ftags&post=45444"}],"curies":[{"name":"wp","href":"https:\/\/api.w.org\/{rel}","templated":true}]}}