{"id":45447,"date":"2022-09-05T07:32:39","date_gmt":"2022-09-05T12:32:39","guid":{"rendered":"http:\/\/www.zonaroja.com.mx\/?p=45447"},"modified":"2022-09-05T07:32:40","modified_gmt":"2022-09-05T12:32:40","slug":"por-posibles-tormentas-suspenden-escuelas-en-municipios-del-istmo","status":"publish","type":"post","link":"https:\/\/zonaroja.com.mx\/?p=45447","title":{"rendered":"Por posibles tormentas, suspenden escuelas en municipios del Istmo"},"content":{"rendered":"\n<p>Redacci\u00f3n\/Zona Roja.<\/p>\n\n\n\n<p>Oaxaca de Ju\u00e1rez, Oax., a 04 de septiembre de 2022.- Ante las condiciones meteorol\u00f3gicas y los pron\u00f3sticos de lluvias fuertes a muy fuertes que podr\u00edan registrarse en la entidad, el Instituto Estatal de Educaci\u00f3n P\u00fablica de Oaxaca (IEEPO), determin\u00f3 la suspensi\u00f3n de clases este lunes 5 de septiembre, en escuelas de Educaci\u00f3n B\u00e1sica de los municipios de Mat\u00edas Romero, San Juan Mazatl\u00e1n y San Juan Guichicovi, en la regi\u00f3n del Istmo de Tehuantepec.<\/p>\n\n\n\n<p>Lo anterior, derivado de acuerdos con la Coordinaci\u00f3n Estatal de Protecci\u00f3n Civil (CEPCO) y como una medida preventiva para salvaguardar la integridad de&nbsp; la comunidad escolar y evitar incidentes o exponer a la poblaci\u00f3n.<\/p>\n\n\n\n<p>La suspensi\u00f3n est\u00e1 establecida para este lunes 5 de septiembre y el d\u00eda martes 6, las escuelas podr\u00e1n reintegrarse a sus actividades escolares dependiendo de las condiciones meteorol\u00f3gicas, por lo que se exhorta a seguir las indicaciones de Protecci\u00f3n Civil y mantenerse al tanto de los pron\u00f3sticos del clima.<\/p>\n\n\n\n<p>La CEPCO inform\u00f3 que una amplia zona de baja presi\u00f3n con alto potencial para desarrollo cicl\u00f3nico, se mantiene en la costa sur de M\u00e9xico, (suroeste de las costa de Guerrero) empieza a dar signos de organizaci\u00f3n y se estima que se forme una depresi\u00f3n tropical en las pr\u00f3ximas horas, mientras el sistema se mueva al oeste-noroeste o hacia el noroeste, bordeando la costa mexicana, manteniendo el temporal de lluvias, algunas de estas precipitaciones ser\u00e1n localmente fuerte a muy fuertes en la Sierra Sur, Istmo, Costa, Sierra Norte, Cuenca del Papaloapan, Mixteca y Costa.<\/p>\n","protected":false},"excerpt":{"rendered":"<p>Redacci\u00f3n\/Zona Roja. Oaxaca de Ju\u00e1rez, Oax., a 04 de septiembre de 2022.- Ante las condiciones&hellip;<\/p>\n","protected":false},"author":2,"featured_media":13433,"comment_status":"closed","ping_status":"open","sticky":false,"template":"","format":"standard","meta":{"_lmt_disableupdate":"","_lmt_disable":"","_jetpack_memberships_contains_paid_content":false,"footnotes":""},"categories":[109,46],"tags":[2837],"class_list":["post-45447","post","type-post","status-publish","format-standard","has-post-thumbnail","hentry","category-minuto-a-minuto","category-zona-blanca","tag-instituto-estatal-de-educacion-publica-de-oaxaca-ieepo"],"jetpack_featured_media_url":"https:\/\/zonaroja.com.mx\/wp-content\/uploads\/2020\/06\/Lluvias-fuertes.jpg","jetpack_sharing_enabled":true,"_links":{"self":[{"href":"https:\/\/zonaroja.com.mx\/index.php?rest_route=\/wp\/v2\/posts\/45447","targetHints":{"allow":["GET"]}}],"collection":[{"href":"https:\/\/zonaroja.com.mx\/index.php?rest_route=\/wp\/v2\/posts"}],"about":[{"href":"https:\/\/zonaroja.com.mx\/index.php?rest_route=\/wp\/v2\/types\/post"}],"author":[{"embeddable":true,"href":"https:\/\/zonaroja.com.mx\/index.php?rest_route=\/wp\/v2\/users\/2"}],"replies":[{"embeddable":true,"href":"https:\/\/zonaroja.com.mx\/index.php?rest_route=%2Fwp%2Fv2%2Fcomments&post=45447"}],"version-history":[{"count":1,"href":"https:\/\/zonaroja.com.mx\/index.php?rest_route=\/wp\/v2\/posts\/45447\/revisions"}],"predecessor-version":[{"id":45448,"href":"https:\/\/zonaroja.com.mx\/index.php?rest_route=\/wp\/v2\/posts\/45447\/revisions\/45448"}],"wp:featuredmedia":[{"embeddable":true,"href":"https:\/\/zonaroja.com.mx\/index.php?rest_route=\/wp\/v2\/media\/13433"}],"wp:attachment":[{"href":"https:\/\/zonaroja.com.mx\/index.php?rest_route=%2Fwp%2Fv2%2Fmedia&parent=45447"}],"wp:term":[{"taxonomy":"category","embeddable":true,"href":"https:\/\/zonaroja.com.mx\/index.php?rest_route=%2Fwp%2Fv2%2Fcategories&post=45447"},{"taxonomy":"post_tag","embeddable":true,"href":"https:\/\/zonaroja.com.mx\/index.php?rest_route=%2Fwp%2Fv2%2Ftags&post=45447"}],"curies":[{"name":"wp","href":"https:\/\/api.w.org\/{rel}","templated":true}]}}