{"id":45449,"date":"2022-09-05T08:09:50","date_gmt":"2022-09-05T13:09:50","guid":{"rendered":"http:\/\/www.zonaroja.com.mx\/?p=45449"},"modified":"2022-09-05T08:33:12","modified_gmt":"2022-09-05T13:33:12","slug":"guardia-nacional-militarizada-y-su-fracaso-en-oaxaca","status":"publish","type":"post","link":"https:\/\/zonaroja.com.mx\/?p=45449","title":{"rendered":"Guardia Nacional militarizada y su fracaso en Oaxaca"},"content":{"rendered":"\n<p>Ismael Garc\u00eda M.\/Zona Roja.<\/p>\n\n\n\n<p>Oaxaca de Ju\u00e1rez, Oax., a 5 de septiembre de 2022.- La militarizaci\u00f3n de la Guardia Nacional -que esta semana concreta el Senado, tras la aprobaci\u00f3n de la C\u00e1mara de Diputados- en realidad no es m\u00e1s que su formalizaci\u00f3n castrense o el regreso a su origen.<\/p>\n\n\n\n<p>Pero, civil o como parte de la milicia, esa instancia creada en el gobierno de Andr\u00e9s Manuel L\u00f3pez Obrador, jam\u00e1s ha tenido la efectividad ni el crecimiento num\u00e9rico, estrat\u00e9gico y material que se hab\u00eda prometido. M\u00e1s bien es un absoluto fracaso.<\/p>\n\n\n\n<p>Y Oaxaca es un reflejo de ello, donde se prometieron cuarteles a lo largo y ancho del estado y no hay m\u00e1s de cinco concretados; en otras partes, como en San Pablo Huitzo por ejemplo, la corporaci\u00f3n fue rechazada tajantemente por parte de los pobladores.<\/p>\n\n\n\n<p>Y los no m\u00e1s de cinco mil elementos que hay en la entidad, todos los d\u00edas salen de instalaciones de la Secretar\u00eda de la Defensa Nacional -como el caso de la sede ubicada en Santa Mar\u00eda Ixcotel-, s\u00f3lo que con uniformes distintos y veh\u00edculos valizados como de la Guardia Nacional.<\/p>\n\n\n\n<p>Pero por si fuera poco, simple y sencillamente no sirven: llegan tarde a una actividad delictiva; no brindan seguridad m\u00e1s que con el acompa\u00f1amiento de polic\u00edas estatales, que s\u00ed conocen el territorio estatal y las funciones inherentes; no realizan detenciones ni mucho menos efect\u00faan tareas de investigaci\u00f3n para prevenir el delito. En el colmo, han estado inmiscuido en conflictos.<\/p>\n\n\n\n<p>ENGA\u00d1O VERDE OLIVO<\/p>\n\n\n\n<p>Como ya se ha informado, la corporaci\u00f3n fue creada por decreto en el Diario Oficial de la Federaci\u00f3n el 26 de marzo de 2019, con elementos provenientes de lo que fue la Polic\u00eda Federal y de fuerzas castrenses.<\/p>\n\n\n\n<p>Casi cuatro a\u00f1os despu\u00e9s, tras anunciar el regreso de la instituci\u00f3n a la Sedena en varias ocasiones, a trav\u00e9s de sus conferencias matutinas, de lo \u00fanico que se arrepinti\u00f3 L\u00f3pez Obrador fue de enviar una iniciativa preferente para que el Legislativo aprobara de manera urgente devolver a la Sedena la Guardia Nacional, que supuestamente cuenta con entre 115 mil a 118 mil elementos, m\u00e1s de la mitad, por cierto, militares.<\/p>\n\n\n\n<p>Fue el pasado 1 de septiembre en se envi\u00f3 la propuesta a la C\u00e1mara de Diputados federal, que lo discuti\u00f3 al d\u00eda siguiente y lo aprob\u00f3 en menos de 24 horas, para turnarlo luego al Senado, donde se espera tambi\u00e9n un tr\u00e1mite r\u00e1pido. Aunque se topar\u00e1 con la Suprema Corte de Justicia de la Naci\u00f3n.<\/p>\n\n\n\n<p>De acuerdo con el reportaje de la revista \u201cProceso\u201d de esta semana, en casi cuatro a\u00f1os la Guardia Nacional opera con serias irregularidades, como el que menos del 30 por ciento de sus integrantes est\u00e9 certificado.<\/p>\n\n\n\n<p>No hay mecanismos de fiscalizaci\u00f3n para evitar que se corrompa y en su caso aplicar las sanciones correspondientes; cada vez son m\u00e1s las denuncias de violaci\u00f3n a derechos humanos.<\/p>\n\n\n\n<p>En el colmo, frecuentemente -por falta de preparaci\u00f3n y estrategia- son retenidos por pobladores y hasta por el crimen organizado, como ocurri\u00f3 en agosto pasado en Michoac\u00e1n.<\/p>\n\n\n\n<p>Seg\u00fan \u201cProceso\u201d, de las ocho mil 990 detenciones que realizaron en el a\u00f1o 2021, s\u00f3lo 14 fueron producto de trabajos de investigaci\u00f3n; el resto fueron detenciones en flagrancia.&nbsp;<\/p>\n\n\n\n<p>LA INFRAESTRUCTURA<\/p>\n\n\n\n<p>De acuerdo con el informe presidencial reciente, a la fecha se han edificado 242 cuarteles de la Guardia Nacional, de 500 que operar\u00edan en el pa\u00eds.<\/p>\n\n\n\n<p>En el caso de Oaxaca, hay escasa informaci\u00f3n al respecto; en abril de 2019, Leonel Cota Monta\u00f1o, funcionario de la Secretar\u00eda de Protecci\u00f3n Ciudadana, anunci\u00f3 en San Juan Bautista Tuxtepec la construcci\u00f3n de un cuartel de la Guardia Nacional.<\/p>\n\n\n\n<p>Asimismo, la incorporaci\u00f3n en la zona de 300 elementos, 200 de ellos de la Sedena y 100 de la extinta Polic\u00eda Federal.<\/p>\n\n\n\n<p>En esa ocasi\u00f3n dijo que ser\u00edan 15 sedes las que tendr\u00eda la Guardia Nacional en la entidad, sin especificar lugares.<\/p>\n\n\n\n<p>En junio de 2020 se dio a conocer un balance de la Guardia que, en el caso de Oaxaca, informaba que ten\u00eda cinco mil 135 elementos y que adem\u00e1s se construir\u00e1n nueve cuarteles.<\/p>\n\n\n\n<p>En ese mismo mes y a\u00f1o, el gobernador Alejandro Murat Hinojosa atestigu\u00f3 la toma de posesi\u00f3n al cargo y protesta de bandera del comandante de la Octava Brigada de la Polic\u00eda Militar, Rogelio Garc\u00eda P\u00e9rez, quien a la vez encabeza las acciones de la Guardia Nacional en Oaxaca; se dijo que fue a propuesta del secretario de la Defensa Nacional, Luis Cresencio Sandoval Gonz\u00e1lez, y con la anuencia del presidente Andr\u00e9s Manuel L\u00f3pez Obrador.<\/p>\n\n\n\n<p>En agosto de 2020, el responsable de la 46 Zona Militar de la Sedena, con sede en Ciudad Ixtepec, anunci\u00f3 la construcci\u00f3n de una base de la nueva corporaci\u00f3n en Juchit\u00e1n; habr\u00eda adem\u00e1s en Zanatepec, Salina Cruz y Tehuantepec. Ninguno de ellos se ha inaugurado.<\/p>\n\n\n\n<p>\u00bfIGUAL O PEOR?<\/p>\n\n\n\n<p>El 6 de enero del a\u00f1o pasado, el Gobierno del Estado apoy\u00f3 la difusi\u00f3n de una bolsa de trabajo para ingresar a la Guardia Nacional, en que se ofrec\u00edan sueldos de nueve mil 912 pesos mensuales, monto poco atractivo para el tipo de actividad.<\/p>\n\n\n\n<p>Este a\u00f1o, la Guardia Nacional pretendi\u00f3 construir instalaciones en San Pablo Huitzo pero tras asamblea, la poblaci\u00f3n lo rechaz\u00f3.<\/p>\n\n\n\n<p>Una cifra m\u00e1s reciente, seg\u00fan el informe presidencial, detalla que s\u00f3lo son cuatro mil 507 efectivos en el estado; supuestamente hay 12 cuarteles, aunque ninguno de ellos se ha inaugurado formalmente, pues todas son instalaciones militares.&nbsp;<\/p>\n\n\n\n<p>La corporaci\u00f3n acumula tambi\u00e9n un gris desempe\u00f1o pues, como se ha precisado, que llega tarde y \u00fanicamente para tomar datos de los hechos que se registran.<\/p>\n\n\n\n<p>En diversas ocasiones, en la Mixteca, Sierra Sur y Sierra Norte, han sido retenidos por desconocer las pr\u00e1cticas comunitarias y no presentarse ante las autoridades municipales.<\/p>\n\n\n\n<p>En el colmo, a inicios de julio del a\u00f1o pasado en la carretera Oaxaca-M\u00e9xico, a la altura de San Sebasti\u00e1n, Etla, ocurri\u00f3 un enfrentamiento entre elementos de la Guardia Nacional y la Agencia Estatal de Investigaciones; ello porque los elementos castrenses habr\u00edan sido descubiertos secuestrando a una persona. La Guardia call\u00f3 ese grave incidente.<\/p>\n\n\n\n<p>\u00bfQu\u00e9 se espera de la corporaci\u00f3n una vez que sea militarizada de nuevo? Nada. Absolutamente nada. Los cr\u00edmenes y hechos violentos crecen de manera irrefrenable en Oaxaca, como en todo el pa\u00eds. Las corporaciones policiacas estatales y municipales no se dan a basto.&nbsp;<\/p>\n\n\n\n<p>La Mesa de Seguridad -que preside la pr\u00f3xima funcionaria estatal Karina Bar\u00f3n- no ha rendido ning\u00fan fruto, m\u00e1s que papeles y estad\u00edsticas cotidianas, sin que el an\u00e1lisis y la coordinaci\u00f3n institucional se traduzca en hechos de seguridad concretos. \u00bfCon el nuevo gobierno de Salom\u00f3n Jara cambiar\u00e1n la situaci\u00f3n en materia de seguridad? Tampoco.<\/p>\n","protected":false},"excerpt":{"rendered":"<p>Ismael Garc\u00eda M.\/Zona Roja. Oaxaca de Ju\u00e1rez, Oax., a 5 de septiembre de 2022.- La&hellip;<\/p>\n","protected":false},"author":2,"featured_media":41735,"comment_status":"closed","ping_status":"open","sticky":false,"template":"","format":"standard","meta":{"_lmt_disableupdate":"","_lmt_disable":"","_jetpack_memberships_contains_paid_content":false,"footnotes":""},"categories":[456,109,48],"tags":[1353],"class_list":["post-45449","post","type-post","status-publish","format-standard","has-post-thumbnail","hentry","category-columna","category-minuto-a-minuto","category-zona-critica","tag-opinion-zona-critica"],"jetpack_featured_media_url":"https:\/\/zonaroja.com.mx\/wp-content\/uploads\/2022\/05\/Opinion-Ismael-Garcia-M.jpg","jetpack_sharing_enabled":true,"_links":{"self":[{"href":"https:\/\/zonaroja.com.mx\/index.php?rest_route=\/wp\/v2\/posts\/45449","targetHints":{"allow":["GET"]}}],"collection":[{"href":"https:\/\/zonaroja.com.mx\/index.php?rest_route=\/wp\/v2\/posts"}],"about":[{"href":"https:\/\/zonaroja.com.mx\/index.php?rest_route=\/wp\/v2\/types\/post"}],"author":[{"embeddable":true,"href":"https:\/\/zonaroja.com.mx\/index.php?rest_route=\/wp\/v2\/users\/2"}],"replies":[{"embeddable":true,"href":"https:\/\/zonaroja.com.mx\/index.php?rest_route=%2Fwp%2Fv2%2Fcomments&post=45449"}],"version-history":[{"count":2,"href":"https:\/\/zonaroja.com.mx\/index.php?rest_route=\/wp\/v2\/posts\/45449\/revisions"}],"predecessor-version":[{"id":45461,"href":"https:\/\/zonaroja.com.mx\/index.php?rest_route=\/wp\/v2\/posts\/45449\/revisions\/45461"}],"wp:featuredmedia":[{"embeddable":true,"href":"https:\/\/zonaroja.com.mx\/index.php?rest_route=\/wp\/v2\/media\/41735"}],"wp:attachment":[{"href":"https:\/\/zonaroja.com.mx\/index.php?rest_route=%2Fwp%2Fv2%2Fmedia&parent=45449"}],"wp:term":[{"taxonomy":"category","embeddable":true,"href":"https:\/\/zonaroja.com.mx\/index.php?rest_route=%2Fwp%2Fv2%2Fcategories&post=45449"},{"taxonomy":"post_tag","embeddable":true,"href":"https:\/\/zonaroja.com.mx\/index.php?rest_route=%2Fwp%2Fv2%2Ftags&post=45449"}],"curies":[{"name":"wp","href":"https:\/\/api.w.org\/{rel}","templated":true}]}}