{"id":45462,"date":"2022-09-05T18:54:12","date_gmt":"2022-09-05T23:54:12","guid":{"rendered":"http:\/\/www.zonaroja.com.mx\/?p=45462"},"modified":"2022-09-05T19:12:49","modified_gmt":"2022-09-06T00:12:49","slug":"resiste-coyotepec-hasta-que-se-vaya-gugar-abiertos-al-dialogo-con-gobierno","status":"publish","type":"post","link":"https:\/\/zonaroja.com.mx\/?p=45462","title":{"rendered":"Resiste Coyotepec hasta que se vaya Gugar; abiertos al di\u00e1logo con gobierno"},"content":{"rendered":"\n<p>Yuridiana Sosa\/Zona Roja.<\/p>\n\n\n\n<p>Oaxaca de Ju\u00e1rez, Oax., a 5 de septiembre de 2022.- En defensa del agua y de su territorio, habitantes de San Bartolo Coyotepec, en Valles Centrales, advirtieron que la \u201ctoma\u201d de la f\u00e1brica de la empresa Gugar, ubicada en su comunidad, se realizar\u00e1 hasta que la envasadora se vaya.<\/p>\n\n\n\n<p>En conferencia de prensa, tras el cierre simb\u00f3lico de la planta la madrugada de este lunes, integrantes de la asamblea comunitaria apuntaron que la manifestaci\u00f3n es indefinida hasta lograr que la empresa cierre oficialmente su actividad.<\/p>\n\n\n\n<p>La resistencia, apuntaron, no es contra los empresarios, es por la defensa del agua ante la extracci\u00f3n masiva del vital l\u00edquido para fines econ\u00f3micos, mientras la poblaci\u00f3n carece del mismo, as\u00ed como por la recuperaci\u00f3n de las 14 hect\u00e1reas donde se instal\u00f3 la planta hace 22 a\u00f1os.<\/p>\n\n\n\n<p>Al medio d\u00eda -a unas ocho horas de la manifestaci\u00f3n, aproximadamente-, los habitantes anunciaron que accedieron a entablar una primera mesa de di\u00e1logo con el Gobierno del Estado ante la petici\u00f3n de la Secretar\u00eda General de Gobierno (Segego) por iniciar pl\u00e1ticas, pero esta se realizar\u00eda siempre y cuando se llevara a cabo en el mismo sitio de la protesta.<\/p>\n\n\n\n<p>La asamblea aclar\u00f3 que no aceptan ninguna pl\u00e1tica ni negociaci\u00f3n con la empresa, as\u00ed como tampoco solicitan recursos para permitir la continuidad de operaciones de la envasadora.<\/p>\n\n\n\n<p>MILLONES DE LITROS<\/p>\n\n\n\n<p>La empresa Gugar extrae anualmente unos 30 millones 530 mil litros de agua, de acuerdo a la concesi\u00f3n con la cuenta en esa comunidad, se\u00f1al\u00f3 la asamblea comunitaria en voz de Flavio Sosa Villavicecio.<\/p>\n\n\n\n<figure class=\"wp-block-embed is-type-rich is-provider-twitter wp-block-embed-twitter\"><div class=\"wp-block-embed__wrapper\">\n<div class=\"twitter-tweet\"><blockquote class=\"twitter-tweet\" data-lang=\"es\"><p lang=\"es\" dir=\"ltr\">Sobre el conflicto en San Bartolo Coyotepec, en que se se\u00f1ala a <a href=\"https:\/\/twitter.com\/flaviososavilla?ref_src=twsrc%5Etfw\">@flaviososavilla<\/a> de manipular a la comunidad para protestar contra la empresa Gugar, \u00bfqu\u00e9 respondi\u00f3 la poblaci\u00f3n?<br>Vea y escuche: <a href=\"https:\/\/t.co\/IZuNWBuybX\">pic.twitter.com\/IZuNWBuybX<\/a><\/p>&mdash; Zona Roja Oaxaca (@ZonaRoja_Oaxaca) <a href=\"https:\/\/twitter.com\/ZonaRoja_Oaxaca\/status\/1566855356084527104?ref_src=twsrc%5Etfw\">5 de septiembre de 2022<\/a><\/blockquote><\/div>\n<\/div><\/figure>\n\n\n\n<p>Motivo por el que exigieron a la Comisi\u00f3n Nacional del Agua (Conagua) y a la Procuradur\u00eda Federal de Protecci\u00f3n al Ambiente de M\u00e9xico (Profepa) cancelen de forma definitiva ese permiso, as\u00ed como informen sobre el estudio de impacto ambiental para la empresa, tambi\u00e9n fabricantes de garrafones y taparroscas.<\/p>\n\n\n\n<p>\u201c\u00a1Fuera Gugar!\u201d \u201c\u00a1Fuera Gugar!\u201d, consign\u00f3 la comunidad, que con banda, danza y siembra simb\u00f3lica de tres \u00e1rboles donde antes fue bosque, llevaron a cabo su primer d\u00eda de protesta en instalaciones de la empresa.<\/p>\n\n\n\n<p>DEFIENDEN A EX L\u00cdDER DE APPO<\/p>\n\n\n\n<p>Ante los se\u00f1alamientos p\u00fablicos sobre la presunta manipulaci\u00f3n de la protesta de parte del ex l\u00edder de la Asamblea Popular del Pueblo de Oaxaca (APPO), Flavio Sosa Villavicencio, la asamblea respondi\u00f3 casi en un\u00edsono que es falso.<\/p>\n\n\n\n<p>La poblaci\u00f3n asegur\u00f3 que la participaci\u00f3n del ex diputado y l\u00edder de Comuna se debe a ser habitante de Coyotepec.<\/p>\n\n\n\n<p>Sosa Villavicencio apunt\u00f3 que la comunidad resolver\u00e1 el destino que dar\u00e1 a la tierra recuperada y respaldada jur\u00eddicamente a su favor.<\/p>\n","protected":false},"excerpt":{"rendered":"<p>Yuridiana Sosa\/Zona Roja. Oaxaca de Ju\u00e1rez, Oax., a 5 de septiembre de 2022.- En defensa&hellip;<\/p>\n","protected":false},"author":2,"featured_media":45470,"comment_status":"closed","ping_status":"open","sticky":false,"template":"","format":"standard","meta":{"_lmt_disableupdate":"","_lmt_disable":"","_jetpack_memberships_contains_paid_content":false,"footnotes":""},"categories":[109,47],"tags":[3248,1155],"class_list":["post-45462","post","type-post","status-publish","format-standard","has-post-thumbnail","hentry","category-minuto-a-minuto","category-zona-gris","tag-empresa-refresquera-gugar","tag-san-bartolo-coyotepec"],"jetpack_featured_media_url":"https:\/\/zonaroja.com.mx\/wp-content\/uploads\/2022\/09\/Protesta-en-Coyotepec-en-Gugar.jpg","jetpack_sharing_enabled":true,"_links":{"self":[{"href":"https:\/\/zonaroja.com.mx\/index.php?rest_route=\/wp\/v2\/posts\/45462","targetHints":{"allow":["GET"]}}],"collection":[{"href":"https:\/\/zonaroja.com.mx\/index.php?rest_route=\/wp\/v2\/posts"}],"about":[{"href":"https:\/\/zonaroja.com.mx\/index.php?rest_route=\/wp\/v2\/types\/post"}],"author":[{"embeddable":true,"href":"https:\/\/zonaroja.com.mx\/index.php?rest_route=\/wp\/v2\/users\/2"}],"replies":[{"embeddable":true,"href":"https:\/\/zonaroja.com.mx\/index.php?rest_route=%2Fwp%2Fv2%2Fcomments&post=45462"}],"version-history":[{"count":2,"href":"https:\/\/zonaroja.com.mx\/index.php?rest_route=\/wp\/v2\/posts\/45462\/revisions"}],"predecessor-version":[{"id":45472,"href":"https:\/\/zonaroja.com.mx\/index.php?rest_route=\/wp\/v2\/posts\/45462\/revisions\/45472"}],"wp:featuredmedia":[{"embeddable":true,"href":"https:\/\/zonaroja.com.mx\/index.php?rest_route=\/wp\/v2\/media\/45470"}],"wp:attachment":[{"href":"https:\/\/zonaroja.com.mx\/index.php?rest_route=%2Fwp%2Fv2%2Fmedia&parent=45462"}],"wp:term":[{"taxonomy":"category","embeddable":true,"href":"https:\/\/zonaroja.com.mx\/index.php?rest_route=%2Fwp%2Fv2%2Fcategories&post=45462"},{"taxonomy":"post_tag","embeddable":true,"href":"https:\/\/zonaroja.com.mx\/index.php?rest_route=%2Fwp%2Fv2%2Ftags&post=45462"}],"curies":[{"name":"wp","href":"https:\/\/api.w.org\/{rel}","templated":true}]}}