{"id":45464,"date":"2022-09-05T13:08:05","date_gmt":"2022-09-05T18:08:05","guid":{"rendered":"https:\/\/www.zonaroja.com.mx\/?p=45464"},"modified":"2022-09-05T13:08:17","modified_gmt":"2022-09-05T18:08:17","slug":"registra-oaxaca-retencion-de-11-personas-en-dos-comunidades","status":"publish","type":"post","link":"https:\/\/zonaroja.com.mx\/?p=45464","title":{"rendered":"Registra Oaxaca retenci\u00f3n de 11 personas en dos comunidades"},"content":{"rendered":"\n<p>Yuridiana Sosa\/Zona Roja.<\/p>\n\n\n\n<p>Oaxaca de Ju\u00e1rez, Oax., a 5 de septiembre de 2022.- La desatenci\u00f3n de la Secretar\u00eda General de Gobierno (Segego) a la problem\u00e1tica interna del estado mantiene la retenci\u00f3n de 11 personas en Oaxaca, en dos hechos diferentes, en la regi\u00f3n de la Cuenca y en el Istmo.<\/p>\n\n\n\n<p>Desde hace cuatro d\u00edas, 10 ejidatarios de la comunidad de Santiago Progreso, del municipio de Valle Nacional, permanecen&nbsp;encarcelados en la comunidad vecina de San Pedro Ozumac\u00edn, de Ayotzintepec, por un l\u00edo agrario.&nbsp;<\/p>\n\n\n\n<p>Motivo por el cual, desde hace tres d\u00edas consecutivos los habitantes de Valle Nacional instalan un bloqueo en la carretera federal 175, que conecta a la Cuenca con la Sierra Norte y la capital del estado.&nbsp;<\/p>\n\n\n\n<p>Los pobladores que exigen la liberaci\u00f3n de sus ejidatarios se\u00f1alaron que la Secretar\u00eda General de Gobierno les niega su intervenci\u00f3n para solucionar la problem\u00e1tica que adem\u00e1s de causar la privaci\u00f3n ilegal de sus vecinos, se afecta la circulaci\u00f3n vial.&nbsp;<\/p>\n\n\n\n<p>Por otra parte, habitantes del municipio de Reforma de Pineda, en el Istmo de Tehuantepec, retuvieron a un trabajador de la Secretar\u00eda de Bienestar en Oaxaca y amagaron con no liberarlo hasta que se cumpla la demanda sobre el presunto robo de folios para cobrar programas.<\/p>\n\n\n\n<p>El servidor de la naci\u00f3n, identificado como Iraudy Jes\u00fas Espinoza Peto, es se\u00f1alado por defraudar a 52 productores, a quienes les pidi\u00f3 sus folios del programa para el campo con la promesa de recibir fertilizantes, pero desde mayo a la fecha no han recibido ning\u00fan insumo ni han podido cobrar otro beneficio.<\/p>\n\n\n\n<p>Los afectados exigen sus folios y una respuesta concreta de la delegada de los programas de Bienestar, Nancy Ortiz, para que les ofrezca fecha y hora del pago de los apoyos al campo que han perdido a falta del robo de su trabajador.&nbsp;<\/p>\n\n\n\n<p>En tanto que en los Valles Centrales, productores magueyeros de Santiago Matatl\u00e1n se manifestaron en Ciudad Administrativa en Tlalixtac de Cabrera, sede de la Secretar\u00eda General de Gobierno, para exigir atenci\u00f3n a sus demandas. <\/p>\n","protected":false},"excerpt":{"rendered":"<p>Yuridiana Sosa\/Zona Roja. Oaxaca de Ju\u00e1rez, Oax., a 5 de septiembre de 2022.- La desatenci\u00f3n&hellip;<\/p>\n","protected":false},"author":2,"featured_media":45463,"comment_status":"closed","ping_status":"open","sticky":false,"template":"","format":"standard","meta":{"_lmt_disableupdate":"","_lmt_disable":"","_jetpack_memberships_contains_paid_content":false,"footnotes":""},"categories":[109,47],"tags":[],"class_list":["post-45464","post","type-post","status-publish","format-standard","has-post-thumbnail","hentry","category-minuto-a-minuto","category-zona-gris"],"jetpack_featured_media_url":"https:\/\/zonaroja.com.mx\/wp-content\/uploads\/2022\/09\/img_8434.jpg","jetpack_sharing_enabled":true,"_links":{"self":[{"href":"https:\/\/zonaroja.com.mx\/index.php?rest_route=\/wp\/v2\/posts\/45464","targetHints":{"allow":["GET"]}}],"collection":[{"href":"https:\/\/zonaroja.com.mx\/index.php?rest_route=\/wp\/v2\/posts"}],"about":[{"href":"https:\/\/zonaroja.com.mx\/index.php?rest_route=\/wp\/v2\/types\/post"}],"author":[{"embeddable":true,"href":"https:\/\/zonaroja.com.mx\/index.php?rest_route=\/wp\/v2\/users\/2"}],"replies":[{"embeddable":true,"href":"https:\/\/zonaroja.com.mx\/index.php?rest_route=%2Fwp%2Fv2%2Fcomments&post=45464"}],"version-history":[{"count":1,"href":"https:\/\/zonaroja.com.mx\/index.php?rest_route=\/wp\/v2\/posts\/45464\/revisions"}],"predecessor-version":[{"id":45465,"href":"https:\/\/zonaroja.com.mx\/index.php?rest_route=\/wp\/v2\/posts\/45464\/revisions\/45465"}],"wp:featuredmedia":[{"embeddable":true,"href":"https:\/\/zonaroja.com.mx\/index.php?rest_route=\/wp\/v2\/media\/45463"}],"wp:attachment":[{"href":"https:\/\/zonaroja.com.mx\/index.php?rest_route=%2Fwp%2Fv2%2Fmedia&parent=45464"}],"wp:term":[{"taxonomy":"category","embeddable":true,"href":"https:\/\/zonaroja.com.mx\/index.php?rest_route=%2Fwp%2Fv2%2Fcategories&post=45464"},{"taxonomy":"post_tag","embeddable":true,"href":"https:\/\/zonaroja.com.mx\/index.php?rest_route=%2Fwp%2Fv2%2Ftags&post=45464"}],"curies":[{"name":"wp","href":"https:\/\/api.w.org\/{rel}","templated":true}]}}