{"id":45468,"date":"2022-09-05T16:46:48","date_gmt":"2022-09-05T21:46:48","guid":{"rendered":"https:\/\/www.zonaroja.com.mx\/?p=45468"},"modified":"2022-09-05T16:48:12","modified_gmt":"2022-09-05T21:48:12","slug":"insatisfechas-familias-de-desaparecidos-con-comision-de-busqueda-en-oaxaca","status":"publish","type":"post","link":"https:\/\/zonaroja.com.mx\/?p=45468","title":{"rendered":"Insatisfechas, familias de desaparecidos con Comisi\u00f3n de B\u00fasqueda en Oaxaca"},"content":{"rendered":"\n<p>Yuridiana Sosa\/Zona Roja.&nbsp;<\/p>\n\n\n\n<p>Oaxaca de Ju\u00e1rez, Oax., 05 de septiembre de 2022.- Colectivos de b\u00fasqueda de personas desaparecidas en Oaxaca se\u00f1alaron la insatisfacci\u00f3n que existe sobre de la Comisi\u00f3n de B\u00fasqueda de Personas Desaparecidas en el estado al no existir avances en la localizaci\u00f3n de sus familiares.<\/p>\n\n\n\n<p>En conferencia de prensa, los familiares, agrupados en la Red de Enlaces Nacionales, apuntaron que han logrado un recuento de entre tres mil y cinco mil casos de personas en Oaxaca que no han vuelto a sus hogares de forma involuntaria, mientras que la Comisi\u00f3n Estatal apenas acumula 400 casos, de los que tampoco existen avances.<\/p>\n\n\n\n<p>El logro sobre el problema de las desapariciones en Oaxaca es la integraci\u00f3n de dicha comisi\u00f3n, pero hasta la fecha, a m\u00e1s de un a\u00f1o de su creaci\u00f3n en junio de 2021, no ha ofrecido resultados satisfactorios a pesar de contar con recursos e influencias pol\u00edticas para agilizar o mejorar&nbsp;los mecanismos de b\u00fasqueda.<\/p>\n\n\n\n<p>Al contrario, destacaron, las familias v\u00edctimas han logrado la localizaci\u00f3n de restos de personas, que para su identificaci\u00f3n vuelven a enfrentarse a largos procesos burocr\u00e1ticos.&nbsp;<\/p>\n\n\n\n<p>Para conocer de la efectividad laboral de la Comisi\u00f3n de B\u00fasqueda en Oaxaca, que encabeza Edilberta Cruz Regino, los colectivos demandaron, de forma oficial, informes trimestrales sobre sus procesos y plan de trabajo, de los que hasta ahora no tienen acceso.&nbsp;<\/p>\n\n\n\n<p>Para mejorar las labores de este \u00f3rgano, los colectivos apuntaron que en pr\u00f3ximas fechas a demanda de los afectados el Congreso de Oaxaca deber\u00e1 emitir una convocatoria por medio de la Comisi\u00f3n de Justicia para la integraci\u00f3n de Consejo Ciudadano para la Comisi\u00f3n de B\u00fasqueda.<\/p>\n\n\n\n<p>El Consejo Estatal Ciudadano deber\u00e1 estar integrado exclusivamente por familiares de personas desaparecidas.<\/p>\n\n\n\n<p>Por otra parte, demandaron que para los trabajos de b\u00fasqueda el Estado garantice la labor de personas capacitadas en la materia, desde antrop\u00f3logos, forenses, peritos, personal que maneje dispositivos de geolocalizaci\u00f3n y conozca sobre el territorio oaxaque\u00f1o, a fin de realizar b\u00fasquedas con mayores probabilidades de tener \u00e9xito.<\/p>\n\n\n\n<p>Los miembros de los colectivos llamaron al gobernador electo, Salom\u00f3n Jara Cruz, a recibirlo en una mesa de di\u00e1logo para exponerle el grave problema que enfrenta las familias en Oaxaca sobre las desapariciones, y no s\u00f3lo tratar de resolver el problema desde las cifras que se exponen.<\/p>\n\n\n\n<figure class=\"wp-block-embed\"><div class=\"wp-block-embed__wrapper\">\n<div class=\"twitter-tweet\"><blockquote class=\"twitter-tweet\" data-lang=\"es\"><p lang=\"es\" dir=\"ltr\">Oaxaca de Ju\u00e1rez, Oax., 5 de septiembre de 2022.- Conferencia de prensa de colectivos de b\u00fasqueda de personas desaparecidas en Oaxaca.<br><br>Transmisi\u00f3n aqu\u00ed \ud83d\udc47<a href=\"https:\/\/t.co\/ORErUfzBTW\">https:\/\/t.co\/ORErUfzBTW<\/a> <a href=\"https:\/\/t.co\/P6xRko9j4s\">pic.twitter.com\/P6xRko9j4s<\/a><\/p>&mdash; Zona Roja Oaxaca (@ZonaRoja_Oaxaca) <a href=\"https:\/\/twitter.com\/ZonaRoja_Oaxaca\/status\/1566813501456261120?ref_src=twsrc%5Etfw\">5 de septiembre de 2022<\/a><\/blockquote><\/div>\n<\/div><\/figure>\n\n\n\n<p> <\/p>\n","protected":false},"excerpt":{"rendered":"<p>Yuridiana Sosa\/Zona Roja.&nbsp; Oaxaca de Ju\u00e1rez, Oax., 05 de septiembre de 2022.- Colectivos de b\u00fasqueda&hellip;<\/p>\n","protected":false},"author":2,"featured_media":45466,"comment_status":"closed","ping_status":"open","sticky":false,"template":"","format":"standard","meta":{"_lmt_disableupdate":"","_lmt_disable":"","_jetpack_memberships_contains_paid_content":false,"footnotes":""},"categories":[109,47],"tags":[],"class_list":["post-45468","post","type-post","status-publish","format-standard","has-post-thumbnail","hentry","category-minuto-a-minuto","category-zona-gris"],"jetpack_featured_media_url":"https:\/\/zonaroja.com.mx\/wp-content\/uploads\/2022\/09\/d6ef9890-7a44-4636-840e-4c384bad25ed.jpg","jetpack_sharing_enabled":true,"_links":{"self":[{"href":"https:\/\/zonaroja.com.mx\/index.php?rest_route=\/wp\/v2\/posts\/45468","targetHints":{"allow":["GET"]}}],"collection":[{"href":"https:\/\/zonaroja.com.mx\/index.php?rest_route=\/wp\/v2\/posts"}],"about":[{"href":"https:\/\/zonaroja.com.mx\/index.php?rest_route=\/wp\/v2\/types\/post"}],"author":[{"embeddable":true,"href":"https:\/\/zonaroja.com.mx\/index.php?rest_route=\/wp\/v2\/users\/2"}],"replies":[{"embeddable":true,"href":"https:\/\/zonaroja.com.mx\/index.php?rest_route=%2Fwp%2Fv2%2Fcomments&post=45468"}],"version-history":[{"count":1,"href":"https:\/\/zonaroja.com.mx\/index.php?rest_route=\/wp\/v2\/posts\/45468\/revisions"}],"predecessor-version":[{"id":45469,"href":"https:\/\/zonaroja.com.mx\/index.php?rest_route=\/wp\/v2\/posts\/45468\/revisions\/45469"}],"wp:featuredmedia":[{"embeddable":true,"href":"https:\/\/zonaroja.com.mx\/index.php?rest_route=\/wp\/v2\/media\/45466"}],"wp:attachment":[{"href":"https:\/\/zonaroja.com.mx\/index.php?rest_route=%2Fwp%2Fv2%2Fmedia&parent=45468"}],"wp:term":[{"taxonomy":"category","embeddable":true,"href":"https:\/\/zonaroja.com.mx\/index.php?rest_route=%2Fwp%2Fv2%2Fcategories&post=45468"},{"taxonomy":"post_tag","embeddable":true,"href":"https:\/\/zonaroja.com.mx\/index.php?rest_route=%2Fwp%2Fv2%2Ftags&post=45468"}],"curies":[{"name":"wp","href":"https:\/\/api.w.org\/{rel}","templated":true}]}}