{"id":45473,"date":"2022-09-05T19:32:28","date_gmt":"2022-09-06T00:32:28","guid":{"rendered":"http:\/\/www.zonaroja.com.mx\/?p=45473"},"modified":"2022-09-05T19:32:30","modified_gmt":"2022-09-06T00:32:30","slug":"registra-oaxaca-tercer-caso-positivo-de-viruela-simica","status":"publish","type":"post","link":"https:\/\/zonaroja.com.mx\/?p=45473","title":{"rendered":"Registra Oaxaca tercer caso positivo de viruela s\u00edmica"},"content":{"rendered":"\n<p>Redacci\u00f3n\/Zona Roja.<\/p>\n\n\n\n<p>Oaxaca de Ju\u00e1rez, Oax., a 5 de septiembre de 2022.- Al corte de este lunes 5 de septiembre, los Servicios de Salud de Oaxaca (SSO) han recibido por parte del Instituto de Diagn\u00f3stico y Referencia Epidemiol\u00f3gicos \u201cDoctor Manuel Mart\u00ednez B\u00e1ez\u201d (Indre), la confirmaci\u00f3n de un caso de viruela s\u00edmica (Monkeypox) en el estado, para un total de tres positivos acumulados.<\/p>\n\n\n\n<p>La dependencia inform\u00f3 que la notificaci\u00f3n corresponde a la Jurisdicci\u00f3n Sanitaria n\u00famero cuatro \u201cCosta\u201d. Se mantienen activas las acciones de vigilancia epidemiol\u00f3gica e investigaci\u00f3n de contactos.<\/p>\n\n\n\n<p>Hasta el momento no se registra ninguna defunci\u00f3n por esta causa. De los casos acumulados, dos pertenecen al sexo masculino y uno al femenino, cuyas edades oscilan entre los 25 y 30 a\u00f1os; dos de los cuales cursaron la enfermedad sin complicaciones en sus domicilios con vigilancia del personal de salud, quienes presentaron s\u00edntomas en el mes de julio del presente a\u00f1o y actualmente se encuentran dados de alta m\u00e9dica.<\/p>\n\n\n\n<p>En todas las unidades de la red hospitalaria permanece el protocolo de alerta para la identificaci\u00f3n oportuna de casos, la referencia de pacientes sospechosos, toma de muestras y su posterior confirmaci\u00f3n o descarte de las notificaciones.<\/p>\n\n\n\n<p>Cabe mencionar que esta patolog\u00eda se da a trav\u00e9s de un contacto f\u00edsico estrecho con alguien positivo. Entre los s\u00edntomas a destacar se encuentran: dolor de cabeza y muscular, fiebre superior a los 38 grados, inflamaci\u00f3n de ganglios, lesiones en la piel y cara, las cuales se extienden en todo el cuerpo.<\/p>\n\n\n\n<p>(Comunicado)<\/p>\n","protected":false},"excerpt":{"rendered":"<p>Redacci\u00f3n\/Zona Roja. Oaxaca de Ju\u00e1rez, Oax., a 5 de septiembre de 2022.- Al corte de&hellip;<\/p>\n","protected":false},"author":2,"featured_media":42550,"comment_status":"closed","ping_status":"open","sticky":false,"template":"","format":"standard","meta":{"_lmt_disableupdate":"","_lmt_disable":"","_jetpack_memberships_contains_paid_content":false,"footnotes":""},"categories":[109,47],"tags":[3161],"class_list":["post-45473","post","type-post","status-publish","format-standard","has-post-thumbnail","hentry","category-minuto-a-minuto","category-zona-gris","tag-viruela-del-mono"],"jetpack_featured_media_url":"https:\/\/zonaroja.com.mx\/wp-content\/uploads\/2022\/06\/Viruela-del-mono.webp","jetpack_sharing_enabled":true,"_links":{"self":[{"href":"https:\/\/zonaroja.com.mx\/index.php?rest_route=\/wp\/v2\/posts\/45473","targetHints":{"allow":["GET"]}}],"collection":[{"href":"https:\/\/zonaroja.com.mx\/index.php?rest_route=\/wp\/v2\/posts"}],"about":[{"href":"https:\/\/zonaroja.com.mx\/index.php?rest_route=\/wp\/v2\/types\/post"}],"author":[{"embeddable":true,"href":"https:\/\/zonaroja.com.mx\/index.php?rest_route=\/wp\/v2\/users\/2"}],"replies":[{"embeddable":true,"href":"https:\/\/zonaroja.com.mx\/index.php?rest_route=%2Fwp%2Fv2%2Fcomments&post=45473"}],"version-history":[{"count":1,"href":"https:\/\/zonaroja.com.mx\/index.php?rest_route=\/wp\/v2\/posts\/45473\/revisions"}],"predecessor-version":[{"id":45474,"href":"https:\/\/zonaroja.com.mx\/index.php?rest_route=\/wp\/v2\/posts\/45473\/revisions\/45474"}],"wp:featuredmedia":[{"embeddable":true,"href":"https:\/\/zonaroja.com.mx\/index.php?rest_route=\/wp\/v2\/media\/42550"}],"wp:attachment":[{"href":"https:\/\/zonaroja.com.mx\/index.php?rest_route=%2Fwp%2Fv2%2Fmedia&parent=45473"}],"wp:term":[{"taxonomy":"category","embeddable":true,"href":"https:\/\/zonaroja.com.mx\/index.php?rest_route=%2Fwp%2Fv2%2Fcategories&post=45473"},{"taxonomy":"post_tag","embeddable":true,"href":"https:\/\/zonaroja.com.mx\/index.php?rest_route=%2Fwp%2Fv2%2Ftags&post=45473"}],"curies":[{"name":"wp","href":"https:\/\/api.w.org\/{rel}","templated":true}]}}