{"id":45483,"date":"2022-09-06T06:38:07","date_gmt":"2022-09-06T11:38:07","guid":{"rendered":"http:\/\/www.zonaroja.com.mx\/?p=45483"},"modified":"2022-09-06T06:38:09","modified_gmt":"2022-09-06T11:38:09","slug":"realiza-ieepco-conversatorio-en-san-pedro-y-san-pablo-ayutla","status":"publish","type":"post","link":"https:\/\/zonaroja.com.mx\/?p=45483","title":{"rendered":"Realiza IEEPCO conversatorio en San Pedro y San Pablo Ayutla"},"content":{"rendered":"\n<p>Redacci\u00f3n\/Zona Roja.<\/p>\n\n\n\n<p>Oaxaca de Ju\u00e1rez, Oax., a 6 de septiembre de 2022.- En el marco del D\u00eda Internacional de la Mujer Ind\u00edgena, el Instituto Estatal Electoral y de Participaci\u00f3n Ciudadana de Oaxaca (IEEPCO), en coordinaci\u00f3n con el Centro para el Desarrollo de las Mujeres Ayutla, llevaron a cabo este lunes el conversatorio titulado \u00abEl conocimiento y el trabajo de las mujeres mixes encaminan a la comunidad\u00bb.&nbsp;<\/p>\n\n\n\n<p>Dicho encuentro tuvo la finalidad de escuchar, reconocer y visibilizar las experiencias, vivencias, obst\u00e1culos y fortalezas de las mujeres ayuuk que est\u00e1n en cargos o servicios comunitarios, promoviendo la participaci\u00f3n pol\u00edtica de las mujeres ind\u00edgenas. &nbsp;<\/p>\n\n\n\n<p>Durante su participaci\u00f3n, la consejera presidenta del IEEPCO, Elizabeth S\u00e1nchez Gonz\u00e1lez, manifest\u00f3 que compartir experiencias con las mujeres al interior de las comunidades es fundamental para que las instituciones conozcan realmente cuales son las necesidades que tienen como autoridades y ciudadanas.&nbsp;<\/p>\n\n\n\n<p>Explic\u00f3 que, el Instituto ha emprendido acciones, estrategias y pol\u00edticas p\u00fablicas, en favor de los pueblos y comunidades ind\u00edgenas; adem\u00e1s refrend\u00f3 el compromiso de garantizar el acceso y la participaci\u00f3n pol\u00edtica de las mujeres ind\u00edgenas en igualdad de condiciones que los hombres y en ambientes libres de violencia.&nbsp;<\/p>\n\n\n\n<p>S\u00e1nchez Gonz\u00e1lez recalc\u00f3 que, as\u00ed como se ha exhortado a las comunidades a cumplir con la paridad, tambi\u00e9n es necesario que se garanticen los derechos humanos de las mujeres de manera integral, que sean escuchadas no s\u00f3lo en el \u00e1mbito electoral sino en todos los aspectos respecto a la vida en la comunidad.&nbsp;<\/p>\n\n\n\n<p>Por su parte, la consejera electoral, Jessica Jazibe Hern\u00e1ndez Garc\u00eda, reflexion\u00f3 sobre la participaci\u00f3n pol\u00edtica de las mujeres misma que dijo no solo tiene que ver con ejercer el poder sino con el compromiso y servicio que cumplen con la comunidad. &nbsp;<\/p>\n\n\n\n<p>Record\u00f3 que enfrentan una desigualdad estructural y que amerita pensar en cambios no solo constitucionales y legales, sino cambios internos, como el de compartir tareas de cuidado dentro de la familia a fin de que puedan ejercer f\u00e1cilmente cualquier cargo p\u00fablico.&nbsp;<\/p>\n\n\n\n<p>Mientras que las mujeres ind\u00edgenas compartieron con la autoridad electoral sus experiencias en torno a su participaci\u00f3n en la vida p\u00fablica de sus comunidades, en donde han tenido que sortear diversos obst\u00e1culos. &nbsp;<\/p>\n\n\n\n<p>Durante la actividad tambi\u00e9n estuvo presente personal de la Unidad T\u00e9cnica de Igualdad de G\u00e9nero y No Discriminaci\u00f3n del IEEPCO, adem\u00e1s de autoridades municipales de la regi\u00f3n mixe.\u00a0<\/p>\n\n\n\n<figure class=\"wp-block-embed is-type-rich is-provider-twitter wp-block-embed-twitter\"><div class=\"wp-block-embed__wrapper\">\n<div class=\"twitter-tweet\"><blockquote class=\"twitter-tweet\" data-lang=\"es\"><p lang=\"es\" dir=\"ltr\">Esta actividad fue organizada en coordinaci\u00f3n con el Centro para el Desarrollo de las Mujeres Ayutla. Seguimos impulsando acciones para el fortalecimiento de los derechos pol\u00edtico-electorales de las mujeres en <a href=\"https:\/\/twitter.com\/hashtag\/Oaxaca?src=hash&amp;ref_src=twsrc%5Etfw\">#Oaxaca<\/a>. <a href=\"https:\/\/t.co\/3VvLwknS4G\">pic.twitter.com\/3VvLwknS4G<\/a><\/p>&mdash; IEEPCO (@IEEPCO) <a href=\"https:\/\/twitter.com\/IEEPCO\/status\/1566862854455697409?ref_src=twsrc%5Etfw\">5 de septiembre de 2022<\/a><\/blockquote><\/div>\n<\/div><\/figure>\n","protected":false},"excerpt":{"rendered":"<p>Redacci\u00f3n\/Zona Roja. Oaxaca de Ju\u00e1rez, Oax., a 6 de septiembre de 2022.- En el marco&hellip;<\/p>\n","protected":false},"author":2,"featured_media":45484,"comment_status":"closed","ping_status":"open","sticky":false,"template":"","format":"standard","meta":{"_lmt_disableupdate":"","_lmt_disable":"","_jetpack_memberships_contains_paid_content":false,"footnotes":""},"categories":[109,46],"tags":[2932],"class_list":["post-45483","post","type-post","status-publish","format-standard","has-post-thumbnail","hentry","category-minuto-a-minuto","category-zona-blanca","tag-instituto-estatal-electoral-y-de-participacion-ciudadana-de-oaxaca-ieepco"],"jetpack_featured_media_url":"https:\/\/zonaroja.com.mx\/wp-content\/uploads\/2022\/09\/IEEPCO-conversatorio-Ayutla.jpeg","jetpack_sharing_enabled":true,"_links":{"self":[{"href":"https:\/\/zonaroja.com.mx\/index.php?rest_route=\/wp\/v2\/posts\/45483","targetHints":{"allow":["GET"]}}],"collection":[{"href":"https:\/\/zonaroja.com.mx\/index.php?rest_route=\/wp\/v2\/posts"}],"about":[{"href":"https:\/\/zonaroja.com.mx\/index.php?rest_route=\/wp\/v2\/types\/post"}],"author":[{"embeddable":true,"href":"https:\/\/zonaroja.com.mx\/index.php?rest_route=\/wp\/v2\/users\/2"}],"replies":[{"embeddable":true,"href":"https:\/\/zonaroja.com.mx\/index.php?rest_route=%2Fwp%2Fv2%2Fcomments&post=45483"}],"version-history":[{"count":1,"href":"https:\/\/zonaroja.com.mx\/index.php?rest_route=\/wp\/v2\/posts\/45483\/revisions"}],"predecessor-version":[{"id":45485,"href":"https:\/\/zonaroja.com.mx\/index.php?rest_route=\/wp\/v2\/posts\/45483\/revisions\/45485"}],"wp:featuredmedia":[{"embeddable":true,"href":"https:\/\/zonaroja.com.mx\/index.php?rest_route=\/wp\/v2\/media\/45484"}],"wp:attachment":[{"href":"https:\/\/zonaroja.com.mx\/index.php?rest_route=%2Fwp%2Fv2%2Fmedia&parent=45483"}],"wp:term":[{"taxonomy":"category","embeddable":true,"href":"https:\/\/zonaroja.com.mx\/index.php?rest_route=%2Fwp%2Fv2%2Fcategories&post=45483"},{"taxonomy":"post_tag","embeddable":true,"href":"https:\/\/zonaroja.com.mx\/index.php?rest_route=%2Fwp%2Fv2%2Ftags&post=45483"}],"curies":[{"name":"wp","href":"https:\/\/api.w.org\/{rel}","templated":true}]}}