{"id":4551,"date":"2019-10-04T18:45:19","date_gmt":"2019-10-04T23:45:19","guid":{"rendered":"http:\/\/www.zonaroja.com.mx\/?p=4551"},"modified":"2019-10-04T18:45:23","modified_gmt":"2019-10-04T23:45:23","slug":"cerrazon-de-sindicatos-pone-en-riesgo-finanzas-y-fuentes-de-empleo-uabjo","status":"publish","type":"post","link":"https:\/\/zonaroja.com.mx\/?p=4551","title":{"rendered":"Cerraz\u00f3n de sindicatos pone en riesgo finanzas y fuentes de empleo: UABJO"},"content":{"rendered":"\n<p>Redacci\u00f3n\/Zona Roja.<\/p>\n\n\n\n<p>Oaxaca de Ju\u00e1rez, Oax., 4 de octubre de\n2019.- La cerraz\u00f3n de los sindicatos para modificar el sistema de pensiones y\njubilaciones pone en riesgo la estabilidad financiera y las fuentes de empleo,\nprecis\u00f3 hoy la Universidad Aut\u00f3noma \u201cBenito Ju\u00e1rez\u201d de Oaxaca (UABJO).<\/p>\n\n\n\n<p>M\u00e1s a\u00fan, porque de nueva cuenta, junto\ncon otras 10 instituciones p\u00fablicas se encuentra en riesgo de quiebra\nfinanciera, ante las restricciones presupuestales.<\/p>\n\n\n\n<p>En un comunicado, indic\u00f3 que a dos a\u00f1os\nde trabajo ininterrumpido para atender la reforma al sistema de pensiones y\njubilaciones de UABJO, se ha iniciado ya el proceso de definici\u00f3n y validaci\u00f3n\nde la propuesta t\u00e9cnica elaborada por Valuaciones Actuariales del Norte S.C.<\/p>\n\n\n\n<p>Reconoci\u00f3 que dadas las condiciones que\nprevalecen en \u00e9sta coyuntura referente al presupuesto que se asignar\u00e1 al\nconjunto de Universidades P\u00fablicas Estatales (UPES), habr\u00e1 una reducci\u00f3n del\n0.54% como se ha anunciado.<\/p>\n\n\n\n<p>De acuerdo con el Abogado General de la\nm\u00e1xima casa de estudios, H\u00e9ctor S\u00e1nchez L\u00f3pez, la situaci\u00f3n afecta gravemente\nlas tareas sustanciales de la instituci\u00f3n, adem\u00e1s de que condiciona la\nposibilidad de concursar en fondos federales que atienden temas estructurales.<\/p>\n\n\n\n<p>Para atender el tema, las acciones\nhacia la reforma iniciaron con el an\u00e1lisis del problema estructural, haciendo\npart\u00edcipe al personal acad\u00e9mico, administrativo y representaciones sindicales.<\/p>\n\n\n\n<p>Se realizaron talleres, conferencias,\ncapacitaciones y disertaciones con la asistencia de personal de la Asociaci\u00f3n\nNacional de Universidades e Instituciones de Educaci\u00f3n Superior (ANUIES), de la\nDirecci\u00f3n General de Educaci\u00f3n Superior Universitaria (DGESU) y por parte de la\nConfederaci\u00f3n Nacional de Trabajadores Universitarios (CONTU).<\/p>\n\n\n\n<p>La segunda etapa referente a la\nconsulta, consisti\u00f3 en la socializaci\u00f3n de la propuesta elaborada por el\ndespacho actuarial en menci\u00f3n, con las diferentes representaciones sindicales\nde la universidad, as\u00ed como con la base trabajadora de \u00e1reas acad\u00e9micas y\nadministrativas.<\/p>\n\n\n\n<p>\u201cAgotadas estas fases, en este momento\nse camina hacia la definici\u00f3n y validaci\u00f3n del reglamento que permitir\u00e1 sanear\nparcialmente las finanzas de la instituci\u00f3n, garantizar el funcionamiento\nfinanciero para el cumplimiento de las obligaciones contractuales y acceder a\nrecursos federales\u201d, expuso.<\/p>\n\n\n\n<p>De acuerdo con el contralor general,\nHilarino Arag\u00f3n Mat\u00edas, la principal descapitalizaci\u00f3n de la universidad es la\nfalta del sistema de jubilaciones, puesto que contrario a otras instituciones,\nlos trabajadores no aportan nada al fondo de pensiones, y el problema se ha\nsolventado con el subsidio ordinario.<\/p>\n\n\n\n<p>Explic\u00f3 que \u00e9ste a\u00f1o la UABJO ya no\npudo acceder al fondo de atenci\u00f3n a problemas estructurales, puesto que el\nrequisito principal es contar con la reforma a pensiones, \u201ces por ello que\nurge\u201d.<\/p>\n\n\n\n<p>Expuso que actualmente el 40% del\npresupuesto que para este a\u00f1o fue de 49 millones de pesos, se destina al pago\nde jubilaciones y pensiones lo que incluye tambi\u00e9n el pago de prestaciones\nlaborales no reconocidas por la SEP.<\/p>\n","protected":false},"excerpt":{"rendered":"<p>Redacci\u00f3n\/Zona Roja. Oaxaca de Ju\u00e1rez, Oax., 4 de octubre de 2019.- La cerraz\u00f3n de los&hellip;<\/p>\n","protected":false},"author":2,"featured_media":4552,"comment_status":"closed","ping_status":"open","sticky":false,"template":"","format":"standard","meta":{"_lmt_disableupdate":"","_lmt_disable":"","_jetpack_memberships_contains_paid_content":false,"footnotes":""},"categories":[109,47],"tags":[282],"class_list":["post-4551","post","type-post","status-publish","format-standard","has-post-thumbnail","hentry","category-minuto-a-minuto","category-zona-gris","tag-universidad-autonoma-benito-juarez-de-oaxaca"],"jetpack_featured_media_url":"https:\/\/zonaroja.com.mx\/wp-content\/uploads\/2019\/10\/1-2.jpg","jetpack_sharing_enabled":true,"_links":{"self":[{"href":"https:\/\/zonaroja.com.mx\/index.php?rest_route=\/wp\/v2\/posts\/4551","targetHints":{"allow":["GET"]}}],"collection":[{"href":"https:\/\/zonaroja.com.mx\/index.php?rest_route=\/wp\/v2\/posts"}],"about":[{"href":"https:\/\/zonaroja.com.mx\/index.php?rest_route=\/wp\/v2\/types\/post"}],"author":[{"embeddable":true,"href":"https:\/\/zonaroja.com.mx\/index.php?rest_route=\/wp\/v2\/users\/2"}],"replies":[{"embeddable":true,"href":"https:\/\/zonaroja.com.mx\/index.php?rest_route=%2Fwp%2Fv2%2Fcomments&post=4551"}],"version-history":[{"count":1,"href":"https:\/\/zonaroja.com.mx\/index.php?rest_route=\/wp\/v2\/posts\/4551\/revisions"}],"predecessor-version":[{"id":4553,"href":"https:\/\/zonaroja.com.mx\/index.php?rest_route=\/wp\/v2\/posts\/4551\/revisions\/4553"}],"wp:featuredmedia":[{"embeddable":true,"href":"https:\/\/zonaroja.com.mx\/index.php?rest_route=\/wp\/v2\/media\/4552"}],"wp:attachment":[{"href":"https:\/\/zonaroja.com.mx\/index.php?rest_route=%2Fwp%2Fv2%2Fmedia&parent=4551"}],"wp:term":[{"taxonomy":"category","embeddable":true,"href":"https:\/\/zonaroja.com.mx\/index.php?rest_route=%2Fwp%2Fv2%2Fcategories&post=4551"},{"taxonomy":"post_tag","embeddable":true,"href":"https:\/\/zonaroja.com.mx\/index.php?rest_route=%2Fwp%2Fv2%2Ftags&post=4551"}],"curies":[{"name":"wp","href":"https:\/\/api.w.org\/{rel}","templated":true}]}}