{"id":45512,"date":"2022-09-06T19:10:44","date_gmt":"2022-09-07T00:10:44","guid":{"rendered":"https:\/\/www.zonaroja.com.mx\/?p=45512"},"modified":"2022-09-06T19:10:51","modified_gmt":"2022-09-07T00:10:51","slug":"el-rio-se-llevo-la-camioneta-estuvieron-a-punto-de-ahogarse-y-empresa-sigue-omisa","status":"publish","type":"post","link":"https:\/\/zonaroja.com.mx\/?p=45512","title":{"rendered":"El r\u00edo se llev\u00f3 la camioneta, estuvieron a punto de ahogarse y empresa sigue omisa"},"content":{"rendered":"\n<p>Yuridiana Sosa\/ Zona Roja.<\/p>\n\n\n\n<p>Oaxaca de Ju\u00e1rez, Oax., a 6 de septiembre de 2022.- Un viaje com\u00fan a la capital del estado se convirti\u00f3 en pesadilla para ocho pasajeros de una camioneta tipo Urvan, que, al ser arrastrada por la corriente de un r\u00edo, tuvieron que saltar para sobrevivir y despu\u00e9s, rezar para ser rescatados.<\/p>\n\n\n\n<p>La madrugada del 31 de agosto, El\u00edas Mart\u00ednez P\u00e9rez junto con otros siete hombres y mujeres que regresaba de Santa Catarina Juquila a la capital, a bordo de en una camioneta cerrada de la l\u00ednea \u201cLa Divina Concepci\u00f3n\u201d, enfrentaron la muerte, pero tambi\u00e9n, la omisi\u00f3n del 911 para ayudarlos y hasta ahora de la omisi\u00f3n de la empresa responsable de los hechos.&nbsp;<\/p>\n\n\n\n<p>Al paso por la comunidad de El Trapiche, del municipio de Santa Cruz Mixtepec, en el distrito de Zimatl\u00e1n, en los Valles Centrales, la unidad fue arrastrada por la corriente del r\u00edo a su paso por un camino alterno ante el colapso del puente vehicular.<\/p>\n\n\n\n<p>El sue\u00f1o de los feligreses que regresaban de su visita a la Virgen de Juquila&nbsp; y de otras diligencias de trabajo se interrumpi\u00f3 cuando la unidad ya no pudo avanzar, mientras la corriente del agua amenazaba con un desastre.<\/p>\n\n\n\n<p>&nbsp;En conferencia de prensa hoy, desde el z\u00f3calo de la capital, dos de los sobrevivientes relataron su terrible experiencia, en la que destacaron diferentes irregularidades y anunciaron que presentar\u00e1n una denuncia ante la Fiscal\u00eda General del Estado contra la l\u00ednea de transporte.<\/p>\n\n\n\n<p>As\u00ed como llamaron a la Secretar\u00eda de Movilidad o instancias correspondientes a revisar los permisos y seguros de viajero de las l\u00edneas de transporte que circulan en esta modalidad en la entidad, se\u00f1al\u00f3 el abogado y v\u00edctima del hecho, El\u00edas Mart\u00ednez P\u00e9rez.<\/p>\n\n\n\n<figure class=\"wp-block-embed\"><div class=\"wp-block-embed__wrapper\">\n<div class=\"twitter-tweet\"><blockquote class=\"twitter-tweet\" data-lang=\"es\"><p lang=\"es\" dir=\"ltr\"><a href=\"https:\/\/twitter.com\/hashtag\/ENVIVO?src=hash&amp;ref_src=twsrc%5Etfw\">#ENVIVO<\/a><br>Oaxaca de Ju\u00e1rez, Oax., a 6 de septiembre de 2022.- Conferencia de prensa de pasajeros que sobrevivieron de un veh\u00edculo arrastrado por las lluvias en El Trapiche, Zimatl\u00e1n. La empresa no se ha responsabilizado de nada. <br><br>Transmisi\u00f3n \ud83d\udc47<a href=\"https:\/\/t.co\/LVsR4viOk6\">https:\/\/t.co\/LVsR4viOk6<\/a> <a href=\"https:\/\/t.co\/iPdim1p1C5\">pic.twitter.com\/iPdim1p1C5<\/a><\/p>&mdash; Zona Roja Oaxaca (@ZonaRoja_Oaxaca) <a href=\"https:\/\/twitter.com\/ZonaRoja_Oaxaca\/status\/1567174611531341826?ref_src=twsrc%5Etfw\">6 de septiembre de 2022<\/a><\/blockquote><\/div>\n<\/div><\/figure>\n\n\n\n<p>DE MILAGRO&nbsp;<\/p>\n\n\n\n<p>Dentro de la unidad el caos se apoder\u00f3 en un abrir y cerrar de ojos al darse cuenta de su condici\u00f3n. La camioneta estaba por ser arrastrada por la intensa corriente y el agua empezaba a filtrarse.&nbsp;<\/p>\n\n\n\n<p>El\u00edas recuerda que el chofer de la unidad no se mov\u00eda de su lugar y solo estaba preocupado por la unidad. Por lo que fueron los mismos pasajeros que se organizaron para salir por la puerta del conductor, a quien le pidieron moverse.&nbsp;<\/p>\n\n\n\n<p>Con el agua a la cintura, los primeros en salir y ya con el agua al cuello, los \u00faltimos en abandonar la unidad, lograron cruzar la corriente y ponerse a salvo en la ribera del lugar.<\/p>\n\n\n\n<p>El chofer fue el \u00faltimo en salir. Para ninguno hubo oportunidad de salvar sus pertenencias.<\/p>\n\n\n\n<p>Desde el tel\u00e9fono de una de las pasajeras, que no sufri\u00f3 da\u00f1os por alguna raz\u00f3n, llamaron a 911 para pedir ayuda, pero al lugar s\u00f3lo lleg\u00f3 dos horas despu\u00e9s un polic\u00eda de El Trapiche, quien buscaba una camioneta.<\/p>\n\n\n\n<p>Mojados, sucios, a\u00fan en estado de shock, respondieron al polic\u00eda que eran ellos los ocupantes del veh\u00edculo que hab\u00eda sido arrastrado por el r\u00edo.<\/p>\n\n\n\n<p>El\u00edas apenas puede creer que est\u00e1n vivos, pero atribuye que estar en ese momento para ayudar era parte de su destino, pues esa corrida que sali\u00f3 a las 8:30 de Juquila ya la hab\u00eda perdido y logr\u00f3 alcanzarla.<\/p>\n","protected":false},"excerpt":{"rendered":"<p>Yuridiana Sosa\/ Zona Roja. Oaxaca de Ju\u00e1rez, Oax., a 6 de septiembre de 2022.- Un&hellip;<\/p>\n","protected":false},"author":2,"featured_media":45505,"comment_status":"closed","ping_status":"open","sticky":false,"template":"","format":"standard","meta":{"_lmt_disableupdate":"","_lmt_disable":"","_jetpack_memberships_contains_paid_content":false,"footnotes":""},"categories":[109,47],"tags":[],"class_list":["post-45512","post","type-post","status-publish","format-standard","has-post-thumbnail","hentry","category-minuto-a-minuto","category-zona-gris"],"jetpack_featured_media_url":"https:\/\/zonaroja.com.mx\/wp-content\/uploads\/2022\/09\/Salvados-rio-Trapiche-Tlapacoyan.jpg","jetpack_sharing_enabled":true,"_links":{"self":[{"href":"https:\/\/zonaroja.com.mx\/index.php?rest_route=\/wp\/v2\/posts\/45512","targetHints":{"allow":["GET"]}}],"collection":[{"href":"https:\/\/zonaroja.com.mx\/index.php?rest_route=\/wp\/v2\/posts"}],"about":[{"href":"https:\/\/zonaroja.com.mx\/index.php?rest_route=\/wp\/v2\/types\/post"}],"author":[{"embeddable":true,"href":"https:\/\/zonaroja.com.mx\/index.php?rest_route=\/wp\/v2\/users\/2"}],"replies":[{"embeddable":true,"href":"https:\/\/zonaroja.com.mx\/index.php?rest_route=%2Fwp%2Fv2%2Fcomments&post=45512"}],"version-history":[{"count":1,"href":"https:\/\/zonaroja.com.mx\/index.php?rest_route=\/wp\/v2\/posts\/45512\/revisions"}],"predecessor-version":[{"id":45513,"href":"https:\/\/zonaroja.com.mx\/index.php?rest_route=\/wp\/v2\/posts\/45512\/revisions\/45513"}],"wp:featuredmedia":[{"embeddable":true,"href":"https:\/\/zonaroja.com.mx\/index.php?rest_route=\/wp\/v2\/media\/45505"}],"wp:attachment":[{"href":"https:\/\/zonaroja.com.mx\/index.php?rest_route=%2Fwp%2Fv2%2Fmedia&parent=45512"}],"wp:term":[{"taxonomy":"category","embeddable":true,"href":"https:\/\/zonaroja.com.mx\/index.php?rest_route=%2Fwp%2Fv2%2Fcategories&post=45512"},{"taxonomy":"post_tag","embeddable":true,"href":"https:\/\/zonaroja.com.mx\/index.php?rest_route=%2Fwp%2Fv2%2Ftags&post=45512"}],"curies":[{"name":"wp","href":"https:\/\/api.w.org\/{rel}","templated":true}]}}