{"id":45514,"date":"2022-09-06T21:03:23","date_gmt":"2022-09-07T02:03:23","guid":{"rendered":"http:\/\/www.zonaroja.com.mx\/?p=45514"},"modified":"2022-09-06T21:03:25","modified_gmt":"2022-09-07T02:03:25","slug":"irrefrenables-protestas-en-oaxaca-ahora-bloqueo-en-carretera-a-la-costa","status":"publish","type":"post","link":"https:\/\/zonaroja.com.mx\/?p=45514","title":{"rendered":"Irrefrenables protestas en Oaxaca: ahora bloqueo en carretera a la Costa"},"content":{"rendered":"\n<p>Yuridiana Sosa\/ Zona Roja<\/p>\n\n\n\n<p>Oaxaca de Ju\u00e1rez, Oax., 06 de septiembre de 2022.- Las manifestaciones, bloqueos y \u201ctomas\u201d de recintos de gobierno se incrementaron este martes en Oaxaca, ante la falta de compromisos y atenci\u00f3n de la autoridad estatal.<\/p>\n\n\n\n<p>En regiones de Valles Centrales, Sierra Sur y Cuenca, habitantes, autoridades municipales y agrarias activaron protestas y cierres viales para demandar atenci\u00f3n de la Secretar\u00eda General de Gobierno, quien ha sido omiso a diversas demandas.<\/p>\n\n\n\n<p>En la zona conurbada a la capital, la organizaci\u00f3n Antorcha Campesina continu\u00f3 por segunda semana amenazando la estabilidad en la sede de Ciudad Administrativa, en Tlalixtac de Cabrera, donde integrantes hicieron presencia para exigir di\u00e1logo y negociaci\u00f3n con la Segego.<\/p>\n\n\n\n<p>Mientras que en San Bartolo Coyotepec, arrib\u00f3 a Ciudad Judicial una manifestaci\u00f3n de habitantes de la regi\u00f3n del Istmo, que caus\u00f3 el cierre de acceso y desalojo emergente de algunos trabajadores bur\u00f3cratas.<\/p>\n\n\n\n<p>En tanto, que los habitantes de San Bartolo Coyotepec llevaron a cabo su segundo d\u00eda de \u201ctoma\u201d a la planta envasadora Gugar, as\u00ed como protesta en la sede del Poder Judicial Federal en esa misma jurisdicci\u00f3n.<\/p>\n\n\n\n<figure class=\"wp-block-embed is-type-rich is-provider-twitter wp-block-embed-twitter\"><div class=\"wp-block-embed__wrapper\">\n<div class=\"twitter-tweet\"><blockquote class=\"twitter-tweet\" data-lang=\"es\"><p lang=\"es\" dir=\"ltr\">Cumple segundo d\u00eda la protesta de habitantes de San Bartolo Coyotepec, por el retiro de la empresa Gugar de la poblaci\u00f3n. <br>Este martes acudieron a la sede de juzgados federales, para exigir un juicio y una determinaci\u00f3n justa, a favor de la comunidad. <a href=\"https:\/\/t.co\/4hhjW9JDDD\">pic.twitter.com\/4hhjW9JDDD<\/a><\/p>&mdash; Zona Roja Oaxaca (@ZonaRoja_Oaxaca) <a href=\"https:\/\/twitter.com\/ZonaRoja_Oaxaca\/status\/1567297698318917634?ref_src=twsrc%5Etfw\">6 de septiembre de 2022<\/a><\/blockquote><\/div>\n<\/div><\/figure>\n\n\n\n<p>CIERRE DE VIALIDADES&nbsp;<\/p>\n\n\n\n<p>Habitantes de agencias del municipio de San Mateo R\u00edo Hondo, de la Sierra Sur, instalaron un boqueo intermitente en la carretera federal 175, en inmediaciones de San Jos\u00e9 del Pac\u00edfico, para exigir la revocaci\u00f3n de mandato del su presidente municipal, \u00c1ngel Gerardo Ruiz Vel\u00e1zquez.<\/p>\n\n\n\n<p>Por asamblea general, la comunidad se moviliz\u00f3, pues en ese municipio no hay garant\u00edas para realizar obras, as\u00ed como persiste la opacidad en la aplicaci\u00f3n de 15 millones otorg\u00f3 el gobierno federal para atender los da\u00f1os provocados por el hurac\u00e1n \u201c\u00c1gatha\u201d.<\/p>\n\n\n\n<p>Por otra parte, autoridades de San Carlos Yautepec, que encabeza el presidente municipal, Edgar Arag\u00f3n Parada, emplazaron al gobierno del estado para que en 72 horas d\u00e9 cumplimiento a obras que prometi\u00f3 desde el inicios de este a\u00f1o.<\/p>\n\n\n\n<p>Una de estas obras es el auditorio en la cabecera municipal y la pavimentaci\u00f3n en Santiago Quiavicuzas, para las que supuestamente ya se hab\u00eda aprobado el recurso.<\/p>\n\n\n\n<figure class=\"wp-block-embed is-type-rich is-provider-twitter wp-block-embed-twitter\"><div class=\"wp-block-embed__wrapper\">\n<div class=\"twitter-tweet\"><blockquote class=\"twitter-tweet\" data-lang=\"es\"><p lang=\"es\" dir=\"ltr\">Se intensifica ingobernabilidad en Oaxaca, ante nula actuaci\u00f3n de la <a href=\"https:\/\/twitter.com\/SEGEGO_GobOax?ref_src=twsrc%5Etfw\">@SEGEGO_GobOax<\/a> que encabeza <a href=\"https:\/\/twitter.com\/PacoPiza9?ref_src=twsrc%5Etfw\">@PacoPiza9<\/a>.<br>Ahora habitantes de agencias de San Mateo R\u00edo Hondo bloquean la carretera federal 175, Oaxaca-Puerto \u00c1ngel, a la altura de San Jos\u00e9 del Pac\u00edfico, para exigir recursos. <a href=\"https:\/\/t.co\/HJwhFWsuKR\">pic.twitter.com\/HJwhFWsuKR<\/a><\/p>&mdash; Zona Roja Oaxaca (@ZonaRoja_Oaxaca) <a href=\"https:\/\/twitter.com\/ZonaRoja_Oaxaca\/status\/1567225725974970370?ref_src=twsrc%5Etfw\">6 de septiembre de 2022<\/a><\/blockquote><\/div>\n<\/div><\/figure>\n\n\n\n<p>RETENCI\u00d3N<\/p>\n\n\n\n<p>Por quinto d\u00eda consecutivo, 10 ejidatarios de Santiago Progreso, de Valle Nacional permanecen encarcelados en la comunidad de San Pedro Uzumac\u00edn, de Ayotzintepec, sin que la Secretar\u00eda General de Gobierno ofrezca soluci\u00f3n.<\/p>\n\n\n\n<p>Para exigir mayor intervenci\u00f3n y garantizar la integridad de sus habitantes, pobladores de Valle Nacional se manifestaron en el Centro de Justicia de Tuxtepec, a fin de demandar a la Fiscal\u00eda General de Oaxaca una investigaci\u00f3n en el caso.<\/p>\n\n\n\n<p>La autoridad estatal en la Cuenca se\u00f1al\u00f3 que es la comunidad de Uzumac\u00edn la que decidiera en asamblea sobre la liberaci\u00f3n de los habitantes, pues no se ha podido entablar mesa de di\u00e1logo ante la inasistencia de los pobladores que llevan a cabo la retenci\u00f3n.<\/p>\n\n\n\n<p>BLOQUEO EN LA CAPITAL&nbsp;<\/p>\n\n\n\n<p>En tanto, integrantes del S\u00edndico de Empleados de Confianza de la Universidad Aut\u00f3noma Benito Ju\u00e1rez de Oaxaca (SECUABJO) realizaron un bloqueo para exigir pago de programas educativos y laborales.<\/p>\n\n\n\n<p>Por varias horas cerraron el paso en avenida Universidad, frente a Ciudad Universitaria, para demandar la retabulaci\u00f3n salarial e incorporaci\u00f3n al Programa de Est\u00edmulo a la Productividad y Eficiencia de Trabajo y respeto al Contrato Colectivo de Trabajo.<\/p>\n\n\n\n<figure class=\"wp-block-embed is-type-rich is-provider-twitter wp-block-embed-twitter\"><div class=\"wp-block-embed__wrapper\">\n<div class=\"twitter-tweet\"><blockquote class=\"twitter-tweet\" data-lang=\"es\"><p lang=\"es\" dir=\"ltr\"><a href=\"https:\/\/twitter.com\/hashtag\/ENVIVO?src=hash&amp;ref_src=twsrc%5Etfw\">#ENVIVO<\/a><br>Oaxaca de Ju\u00e1rez, Oax., a 6 de septiembre de 2022.-Conferencia de prensa del Sindicato de Empleados de Confianza UABJO, cuyos integrantes bloquean adem\u00e1s la avenida Universidad, en demanda de revisi\u00f3n de salario y contrato colectivo.<br>Transmisi\u00f3n \ud83d\udc47<a href=\"https:\/\/t.co\/6wr19QxG46\">https:\/\/t.co\/6wr19QxG46<\/a> <a href=\"https:\/\/t.co\/R7gqE4L51s\">pic.twitter.com\/R7gqE4L51s<\/a><\/p>&mdash; Zona Roja Oaxaca (@ZonaRoja_Oaxaca) <a href=\"https:\/\/twitter.com\/ZonaRoja_Oaxaca\/status\/1567172764896841730?ref_src=twsrc%5Etfw\">6 de septiembre de 2022<\/a><\/blockquote><\/div>\n<\/div><\/figure>\n","protected":false},"excerpt":{"rendered":"<p>Yuridiana Sosa\/ Zona Roja Oaxaca de Ju\u00e1rez, Oax., 06 de septiembre de 2022.- Las manifestaciones,&hellip;<\/p>\n","protected":false},"author":2,"featured_media":45502,"comment_status":"closed","ping_status":"open","sticky":false,"template":"","format":"standard","meta":{"_lmt_disableupdate":"","_lmt_disable":"","_jetpack_memberships_contains_paid_content":false,"footnotes":""},"categories":[109,47],"tags":[2264],"class_list":["post-45514","post","type-post","status-publish","format-standard","has-post-thumbnail","hentry","category-minuto-a-minuto","category-zona-gris","tag-bloqueos-y-protestas-oaxaca"],"jetpack_featured_media_url":"https:\/\/zonaroja.com.mx\/wp-content\/uploads\/2022\/09\/Bloqueo-carretero-San-Jose-del-Pacifico.jpg","jetpack_sharing_enabled":true,"_links":{"self":[{"href":"https:\/\/zonaroja.com.mx\/index.php?rest_route=\/wp\/v2\/posts\/45514","targetHints":{"allow":["GET"]}}],"collection":[{"href":"https:\/\/zonaroja.com.mx\/index.php?rest_route=\/wp\/v2\/posts"}],"about":[{"href":"https:\/\/zonaroja.com.mx\/index.php?rest_route=\/wp\/v2\/types\/post"}],"author":[{"embeddable":true,"href":"https:\/\/zonaroja.com.mx\/index.php?rest_route=\/wp\/v2\/users\/2"}],"replies":[{"embeddable":true,"href":"https:\/\/zonaroja.com.mx\/index.php?rest_route=%2Fwp%2Fv2%2Fcomments&post=45514"}],"version-history":[{"count":1,"href":"https:\/\/zonaroja.com.mx\/index.php?rest_route=\/wp\/v2\/posts\/45514\/revisions"}],"predecessor-version":[{"id":45515,"href":"https:\/\/zonaroja.com.mx\/index.php?rest_route=\/wp\/v2\/posts\/45514\/revisions\/45515"}],"wp:featuredmedia":[{"embeddable":true,"href":"https:\/\/zonaroja.com.mx\/index.php?rest_route=\/wp\/v2\/media\/45502"}],"wp:attachment":[{"href":"https:\/\/zonaroja.com.mx\/index.php?rest_route=%2Fwp%2Fv2%2Fmedia&parent=45514"}],"wp:term":[{"taxonomy":"category","embeddable":true,"href":"https:\/\/zonaroja.com.mx\/index.php?rest_route=%2Fwp%2Fv2%2Fcategories&post=45514"},{"taxonomy":"post_tag","embeddable":true,"href":"https:\/\/zonaroja.com.mx\/index.php?rest_route=%2Fwp%2Fv2%2Ftags&post=45514"}],"curies":[{"name":"wp","href":"https:\/\/api.w.org\/{rel}","templated":true}]}}