{"id":45519,"date":"2022-09-06T22:18:20","date_gmt":"2022-09-07T03:18:20","guid":{"rendered":"http:\/\/www.zonaroja.com.mx\/?p=45519"},"modified":"2022-09-06T22:18:22","modified_gmt":"2022-09-07T03:18:22","slug":"entre-ratones-excremento-y-edificios-a-punto-del-colapso-uabjo-retorna-a-labores","status":"publish","type":"post","link":"https:\/\/zonaroja.com.mx\/?p=45519","title":{"rendered":"Entre ratones, excremento y edificios a punto del colapso, UABJO retorna a labores"},"content":{"rendered":"\n<p>Redacci\u00f3n\/IOaxaca<\/p>\n\n\n\n<p>Oaxaca de Ju\u00e1rez, Oax., a 6 de septiembre de 2022.- En la m\u00e1xima casa de estudios de los oaxaque\u00f1os reina el doble discurso; es \u2018aut\u00f3noma\u2019 pero el gobierno ya se meti\u00f3 hasta la cocina; est\u00e1 en \u2018crisis financiera\u2019 pero s\u00ed hay recursos para \u201cporros\u201d, coordinadores y hasta un equipo de f\u00fatbol profesional en la Liga de Expansi\u00f3n Mx, por lo que el negocio del rector Cristian \u00c9der Carre\u00f1o, que ha sido lavar dinero, parece que ya contamin\u00f3 a la UABJO.&nbsp;<\/p>\n\n\n\n<p>Las facultades de Derecho, Contadur\u00eda y Administraci\u00f3n, las que mayor matr\u00edcula aglomeran y las que m\u00e1s recursos recaudan ya que por cada alumno mantienen cuotas superiores a los 10 mil pesos, se han podido levantar gracias a recursos propios.<\/p>\n\n\n\n<p>Tras los dos a\u00f1os de la pandemia por Covid-19, se suspendieron clases presenciales, dejando las instalaciones casi en el abandono, lo que provoc\u00f3 la proliferaci\u00f3n de plagas nocivas en las diferentes instituciones.<\/p>\n\n\n\n<p>Cada escuela con recursos propios y otros m\u00e1s otorgados por la administraci\u00f3n central, lograron adecuar las instalaciones para el urgido regreso a clases presenciales, pues desde el \u2018b\u00fanker\u2019 estatal, se fraguaba la imposici\u00f3n de un nuevo rector, con el encarcelamiento del \u201cChapito\u201d y la divisi\u00f3n familiar de los Martinez Helmes, se logr\u00f3 el objetivo.<\/p>\n\n\n\n<p>Tras la llegada del \u201cespurio\u201d Cristian Eder Carre\u00f1o, en sesiones \u201cfantasma\u201d de consejeros universitarios, lleg\u00f3 al poder y para lograr disfrazar la legalidad de su periodo al frente de la UABJO, meti\u00f3 al gobernador Alejandro Murat Hinojosa; al l\u00edder de las caravanas de la muerte en 2006, Manuel Vera Salinas y la flotilla porril de coordinadores, todos concentrados para un \u2018megatequio\u2019 que termin\u00f3 en desgracia.<\/p>\n\n\n\n<p>La cuadrilla de Caminos y Aeropistas de Oaxaca (CAO), tumb\u00f3 la antena de una radio hist\u00f3rica, que desde octubre de 1964 no hab\u00eda apagado micr\u00f3fonos y si hab\u00eda sido pieza fundamental en los conflictos sociales principalmente en el a\u00f1o 2006.<\/p>\n\n\n\n<p>Poco m\u00e1s de una semana se qued\u00f3 sin se\u00f1al la estaci\u00f3n de Radio Universidad que logr\u00f3 migrar de amplitud modulada a frecuencia modulada y que gracias a las ocurrencias de un impostor se redujo el alcance de esta emisora llamada Radio Universidad de Oaxaca.<\/p>\n\n\n\n<p>Los temblores de 2018 y 2019, tambi\u00e9n dejaron da\u00f1adas las estructuras de este gigante de la comunicaci\u00f3n, sobreviviente a la pandemia por Covid-19 en 2020 y 2021, se aferra a seguir al aire.<\/p>\n\n\n\n<p>Pero la decid\u00eda de un contador busca desaparecerla, en el actual \u2018retorno de labores\u2019 las instalaciones de Radio Universidad, lucen infestadas de ratas, que se pasean entre los ductos de aire acondicionado (que dej\u00f3 de funcionar), ratas muertas entre el cableado el\u00e9ctrico y excremento de estos animales que afectan el equipo de transmisi\u00f3n.<\/p>\n\n\n\n<p>As\u00ed se pidi\u00f3 el regreso de trabajadores que para mantenerla al aire han decidido aguantar la otra pandemia, el tener a un espurio al servicio del gobierno estatal como rector, a quien los trabajadores universitarios acusan de querer callar las voces de los universitarios y los a\u00f1os de historia de la radio.<\/p>\n\n\n\n<p>Ante el cansancio de lidiar con la soberbia de Eder Carre\u00f1o, se avecina una serie de movilizaciones en la UABJO, que incluyen la invitaci\u00f3n a dem\u00e1s medios a conocer las condiciones a en las que trabajan y se emite la se\u00f1al de la radio de los universitarios.<\/p>\n","protected":false},"excerpt":{"rendered":"<p>Redacci\u00f3n\/IOaxaca Oaxaca de Ju\u00e1rez, Oax., a 6 de septiembre de 2022.- En la m\u00e1xima casa&hellip;<\/p>\n","protected":false},"author":2,"featured_media":45520,"comment_status":"closed","ping_status":"open","sticky":false,"template":"","format":"standard","meta":{"_lmt_disableupdate":"","_lmt_disable":"","_jetpack_memberships_contains_paid_content":false,"footnotes":""},"categories":[109,47],"tags":[3169],"class_list":["post-45519","post","type-post","status-publish","format-standard","has-post-thumbnail","hentry","category-minuto-a-minuto","category-zona-gris","tag-cristian-eder-carreno-lopez"],"jetpack_featured_media_url":"https:\/\/zonaroja.com.mx\/wp-content\/uploads\/2022\/09\/Instalaciones-danadas-Radio-Universidad.jpg","jetpack_sharing_enabled":true,"_links":{"self":[{"href":"https:\/\/zonaroja.com.mx\/index.php?rest_route=\/wp\/v2\/posts\/45519","targetHints":{"allow":["GET"]}}],"collection":[{"href":"https:\/\/zonaroja.com.mx\/index.php?rest_route=\/wp\/v2\/posts"}],"about":[{"href":"https:\/\/zonaroja.com.mx\/index.php?rest_route=\/wp\/v2\/types\/post"}],"author":[{"embeddable":true,"href":"https:\/\/zonaroja.com.mx\/index.php?rest_route=\/wp\/v2\/users\/2"}],"replies":[{"embeddable":true,"href":"https:\/\/zonaroja.com.mx\/index.php?rest_route=%2Fwp%2Fv2%2Fcomments&post=45519"}],"version-history":[{"count":1,"href":"https:\/\/zonaroja.com.mx\/index.php?rest_route=\/wp\/v2\/posts\/45519\/revisions"}],"predecessor-version":[{"id":45521,"href":"https:\/\/zonaroja.com.mx\/index.php?rest_route=\/wp\/v2\/posts\/45519\/revisions\/45521"}],"wp:featuredmedia":[{"embeddable":true,"href":"https:\/\/zonaroja.com.mx\/index.php?rest_route=\/wp\/v2\/media\/45520"}],"wp:attachment":[{"href":"https:\/\/zonaroja.com.mx\/index.php?rest_route=%2Fwp%2Fv2%2Fmedia&parent=45519"}],"wp:term":[{"taxonomy":"category","embeddable":true,"href":"https:\/\/zonaroja.com.mx\/index.php?rest_route=%2Fwp%2Fv2%2Fcategories&post=45519"},{"taxonomy":"post_tag","embeddable":true,"href":"https:\/\/zonaroja.com.mx\/index.php?rest_route=%2Fwp%2Fv2%2Ftags&post=45519"}],"curies":[{"name":"wp","href":"https:\/\/api.w.org\/{rel}","templated":true}]}}