{"id":45523,"date":"2022-09-07T13:15:00","date_gmt":"2022-09-07T18:15:00","guid":{"rendered":"http:\/\/www.zonaroja.com.mx\/?p=45523"},"modified":"2022-09-07T06:46:26","modified_gmt":"2022-09-07T11:46:26","slug":"opinion-la-aprobacion-del-presidente-y-el-impasse-que-se-avecina","status":"publish","type":"post","link":"https:\/\/zonaroja.com.mx\/?p=45523","title":{"rendered":"Opini\u00f3n. La aprobaci\u00f3n del Presidente y el &#8216;impasse&#8217; que se avecina"},"content":{"rendered":"\n<p>Gibr\u00e1n Ram\u00edrez Reyes*<\/p>\n\n\n\n<p>El porcentaje de aprobaci\u00f3n del Presidente de la Rep\u00fablica es el dato que domina la conversaci\u00f3n p\u00fablica y los c\u00e1lculos pol\u00edticos.&nbsp;<\/p>\n\n\n\n<p>Tiene tan ofuscado al oficialismo \u2014incapaz de imaginar proyecto fuera de las pol\u00edticas actuales o futuro aparte de L\u00f3pez Obrador\u2014, como a la oposici\u00f3n, que atrapada entre el denuesto y el lamento ha renunciado al an\u00e1lisis pol\u00edtico \u2014y a la pol\u00edtica creativa o a cualquier intento de reinvenci\u00f3n\u2014.&nbsp;<\/p>\n\n\n\n<p>\u00bfC\u00f3mo puede un n\u00famero convertirse en una losa tan pesada? Entre otras cosas, la inercia cultural neoliberal acrecent\u00f3 la creencia de que realidades muy complejas pueden resumirse en una cifra.&nbsp;<\/p>\n\n\n\n<p>Seg\u00fan el sentido com\u00fan neoliberal, los precios (por poner el ejemplo por excelencia) sintetizan mucha informaci\u00f3n sobre lo que da valor a una mercanc\u00eda y la relaciona con el mercado.&nbsp;<\/p>\n\n\n\n<p>Una extra\u00f1a continuidad de ese sentido com\u00fan en la pol\u00edtica dicta que un pol\u00edtico vale tanto como muestren las encuestas, que el \u00e1nimo, el \u00e9xito, el fracaso de una persona, una idea o una pol\u00edtica p\u00fablica pueden sintetizarse en un porcentaje.&nbsp;<\/p>\n\n\n\n<p>Dicha idea fue impulsada fuertemente por pol\u00edticos de todos los colores y por consultores que encuentran mucho m\u00e1s f\u00e1cil contratar encuestas que realizar estudios sociales con entrevistas a profundidad o grupos de enfoque, m\u00e9todos m\u00e1s complejos, m\u00e1s caros, que permiten conocer las realidades que suelen esconderse tras los porcentajes.&nbsp;<\/p>\n\n\n\n<p>No cabe duda de que AMLO tiene buena aprobaci\u00f3n. Encuestas en vivienda realizadas por casas muy serias le reconocen cerca de 60 por ciento. Alejandro Moreno, en \u201cEl Financiero\u201d, le concede 54 puntos (pero su encuesta es telef\u00f3nica). Los opositores han convenido en que dependen de dinamitar ese n\u00famero. Por eso, como si estuvieran picando una piedra, los ataques se vuelven m\u00e1s virulentos y frecuentes \u2014sin lograr nada.&nbsp;<\/p>\n\n\n\n<p>Del lado del oficialismo, por otra parte, la aprobaci\u00f3n del Presidente (por sus r\u00e9ditos electorales) se ha concebido como la misi\u00f3n fundamental de la organizaci\u00f3n pol\u00edtica.&nbsp;<\/p>\n\n\n\n<p>Claudia Sheinbaum ha llamado a Morena a lograr que la aprobaci\u00f3n de AMLO suba hasta 85 por ciento. No solo se trata de aplaudir, sino de invitar al aplauso. Aunque la miren con distintos \u00e1nimos, la cifra de aprobaci\u00f3n es interpretada de la misma forma por oficialismo y oposici\u00f3n.&nbsp;<\/p>\n\n\n\n<p>\u00bfHabr\u00e1n evaluado la posibilidad de que la poblaci\u00f3n no est\u00e9 en el \u00e1nimo de esa pol\u00edtica de barra brava?, \u00bfde que la aprobaci\u00f3n no sea porra, ni la desaprobaci\u00f3n mentada de madre?, \u00bfhabr\u00e1n tenido curiosidad de saber qu\u00e9 hay detr\u00e1s de esas cifras?, \u00bfcu\u00e1ntos que no volver\u00edan a votar por PRI y PAN, pero que tampoco est\u00e1n conformes?, \u00bfcu\u00e1ntos que aprueban a este gobierno porque su punto de comparaci\u00f3n son los anteriores, no las promesas iniciales de AMLO?, \u00bfcu\u00e1ntos aprueban al Presidente porque reconocen su devoci\u00f3n c\u00edvica y su esfuerzo, pero son tambi\u00e9n conscientes de la impotencia de este gobierno? Han pasado ya dos tercios del sexenio.&nbsp;<\/p>\n\n\n\n<p>Estamos por entrar a su quinto a\u00f1o. La agenda de \u201ctransformaci\u00f3n\u201d se agotar\u00e1 despu\u00e9s de las reformas electoral y en materia de Guardia Nacional.&nbsp;<\/p>\n\n\n\n<p>Entraremos entonces en un impasse, aguardaremos inauguraciones, las elecciones, todo ser\u00e1n movimientos estrat\u00e9gicos, decisiones tomadas muchas veces con base en un diagn\u00f3stico err\u00f3neo. Aplausos, porras, abucheos, con las urgencias nacionales pasando de largo.&nbsp;<\/p>\n\n\n\n<p>*Doctor en ciencias pol\u00edticas por la UNAM.<\/p>\n\n\n\n<p>@gibranrr&nbsp;<\/p>\n","protected":false},"excerpt":{"rendered":"<p>Gibr\u00e1n Ram\u00edrez Reyes* El porcentaje de aprobaci\u00f3n del Presidente de la Rep\u00fablica es el dato&hellip;<\/p>\n","protected":false},"author":2,"featured_media":41734,"comment_status":"closed","ping_status":"open","sticky":false,"template":"","format":"standard","meta":{"_lmt_disableupdate":"","_lmt_disable":"","_jetpack_memberships_contains_paid_content":false,"footnotes":""},"categories":[456,109],"tags":[2489],"class_list":["post-45523","post","type-post","status-publish","format-standard","has-post-thumbnail","hentry","category-columna","category-minuto-a-minuto","tag-gibran-ramirez-reyes"],"jetpack_featured_media_url":"https:\/\/zonaroja.com.mx\/wp-content\/uploads\/2022\/05\/Opinion-Gibran-Ramirez-Reyes.jpg","jetpack_sharing_enabled":true,"_links":{"self":[{"href":"https:\/\/zonaroja.com.mx\/index.php?rest_route=\/wp\/v2\/posts\/45523","targetHints":{"allow":["GET"]}}],"collection":[{"href":"https:\/\/zonaroja.com.mx\/index.php?rest_route=\/wp\/v2\/posts"}],"about":[{"href":"https:\/\/zonaroja.com.mx\/index.php?rest_route=\/wp\/v2\/types\/post"}],"author":[{"embeddable":true,"href":"https:\/\/zonaroja.com.mx\/index.php?rest_route=\/wp\/v2\/users\/2"}],"replies":[{"embeddable":true,"href":"https:\/\/zonaroja.com.mx\/index.php?rest_route=%2Fwp%2Fv2%2Fcomments&post=45523"}],"version-history":[{"count":1,"href":"https:\/\/zonaroja.com.mx\/index.php?rest_route=\/wp\/v2\/posts\/45523\/revisions"}],"predecessor-version":[{"id":45524,"href":"https:\/\/zonaroja.com.mx\/index.php?rest_route=\/wp\/v2\/posts\/45523\/revisions\/45524"}],"wp:featuredmedia":[{"embeddable":true,"href":"https:\/\/zonaroja.com.mx\/index.php?rest_route=\/wp\/v2\/media\/41734"}],"wp:attachment":[{"href":"https:\/\/zonaroja.com.mx\/index.php?rest_route=%2Fwp%2Fv2%2Fmedia&parent=45523"}],"wp:term":[{"taxonomy":"category","embeddable":true,"href":"https:\/\/zonaroja.com.mx\/index.php?rest_route=%2Fwp%2Fv2%2Fcategories&post=45523"},{"taxonomy":"post_tag","embeddable":true,"href":"https:\/\/zonaroja.com.mx\/index.php?rest_route=%2Fwp%2Fv2%2Ftags&post=45523"}],"curies":[{"name":"wp","href":"https:\/\/api.w.org\/{rel}","templated":true}]}}