{"id":45525,"date":"2022-09-07T08:46:00","date_gmt":"2022-09-07T13:46:00","guid":{"rendered":"http:\/\/www.zonaroja.com.mx\/?p=45525"},"modified":"2022-09-07T06:59:07","modified_gmt":"2022-09-07T11:59:07","slug":"lanzan-en-oaxaca-recetario-para-coadyuvar-a-evitar-la-comida-chatarra","status":"publish","type":"post","link":"https:\/\/zonaroja.com.mx\/?p=45525","title":{"rendered":"Lanzan en Oaxaca recetario para coadyuvar a evitar la comida \u201cchatarra\u201d"},"content":{"rendered":"\n<p>Redacci\u00f3n\/Zona Roja.<\/p>\n\n\n\n<p>Oaxaca de Ju\u00e1rez, Oax., a 7 de septiembre de 2022.- &nbsp;El 4 de septiembre del a\u00f1o 2020&nbsp;&nbsp;entr\u00f3&nbsp;en vigor en Oaxaca la reforma legal que coloc\u00f3 a&nbsp;la entidad como&nbsp;el primer estado de la Rep\u00fablica en prohibir la venta directa de bebidas azucaradas y alimentos envasados con alto contenido cal\u00f3rico,&nbsp;a menores de edad.&nbsp;<\/p>\n\n\n\n<p>El 7 de octubre del 2022,&nbsp;diversas organizaciones de la sociedad civil iniciaron la campa\u00f1a &nbsp;\u201cPor el derecho a una alimentaci\u00f3n sana y nutritiva\u201d, #OaxacaSinChatarra, quienes&nbsp;desde entonces han difundido diversos materiales&nbsp;con el objetivo de contribuir a generar conciencia y cambiar la l\u00f3gica&nbsp;de la alimentaci\u00f3n basada en productos chatarra para abonar a un alimentaci\u00f3n sana y nutriva.&nbsp;<\/p>\n\n\n\n<p>En esa l\u00f3gica, &nbsp;la campa\u00f1a&nbsp;present\u00f3&nbsp;ayer \u201cEl recetario de la T\u00eda Edu\u201d&nbsp;en la Facultad de Bellas&nbsp;Artes&nbsp;de la Universidad Aut\u00f3noma \u201cBenito Ju\u00e1rez\u201d&nbsp;de Oaxaca (UABJO).&nbsp;<\/p>\n\n\n\n<p>Se trata de un&nbsp;recetario&nbsp;que&nbsp;contempla una serie de recetas de comida, aguas&nbsp;frescas&nbsp;y postres econ\u00f3micos,&nbsp;as\u00ed como&nbsp;productos de consumo local,&nbsp;muy accesibles en&nbsp;Oaxaca&nbsp;&nbsp;como&nbsp;son&nbsp;el ma\u00edz, la&nbsp;calabaza,&nbsp;la&nbsp;tuna,&nbsp;los&nbsp;granos,el frijol y los chiles.&nbsp;<\/p>\n\n\n\n<p>Adem\u00e1s de&nbsp;una gran variedad de especias que permiten la preparaci\u00f3n de una extensa gama de platillos de alto valor nutritivo y sabor exquisito. La gastronom\u00eda local incluye alimentos como el chocolate, quesillo, chapulines, tlayudas, tamales y muchas variedades de mole.<\/p>\n\n\n\n<p>\u201cT\u00cdA EDU\u201d<\/p>\n\n\n\n<p>La \u201cT\u00eda Edu\u201d,&nbsp;Fresvinda Eduviges Hern\u00e1ndez Cadena,&nbsp;es una&nbsp;cocinera mixteca nacida en Olleras de Bustamante, agencia municipal de Santiago Chazumba; ella, como muchas mujeres oaxaque\u00f1as a\u00fan conserva la sabidur\u00eda ancestral de la cocina tradicional, la cual es transmitida de generaci\u00f3n en generaci\u00f3n.&nbsp;<\/p>\n\n\n\n<p>Ella comparti\u00f3&nbsp;sus recetas como aporte fundamente a la apuesta de largo plazo para dejar de consumir&nbsp;bebidas azucaradas y alimentos envasados con alto contenido cal\u00f3rico, que solo da\u00f1an la salud y afectan al medio ambiente.&nbsp;<\/p>\n\n\n\n<p>Durante la presentaci\u00f3n, la codirectora de Consorcio para el Di\u00e1logo Parlamentario y la Equidad, A.C., Y\u00e9sica S\u00e1nchez Maya,&nbsp;record\u00f3 que recientemente se cumplieron dos a\u00f1os de la entrada en vigor de la reforma que proh\u00edbe la distribuci\u00f3n, venta o regalo de comida chatarra a la ni\u00f1ez y adolescencia,&nbsp;sin embargo, en Oaxaca existe una deuda pendiente para su aplicaci\u00f3n.&nbsp;<\/p>\n\n\n\n<p>Esto, -dijo-&nbsp;coloca sobre la mesa la reflexi\u00f3n sobre c\u00f3mo,&nbsp;con&nbsp;qu\u00e9 nos alimentamos&nbsp;y cu\u00e1l es el impacto&nbsp;de este tipo de productos&nbsp;en la salud y en el medio ambiente; reflexi\u00f3n que se volvi\u00f3 fundamental, sobre todo,&nbsp;en el contexto de la pandemia por el Covid-19.&nbsp;<\/p>\n\n\n\n<p>\u201cFrente&nbsp;a estos desaf\u00edos, diversas organizaciones&nbsp;discutimos qu\u00e9 hacer, al&nbsp;inicio&nbsp;era una campa\u00f1a pero ahora consideramos que es una apuesta por un cambio de conciencia; discutimos c\u00f3mo seguir&nbsp;y&nbsp;como&nbsp;parte de esos avances&nbsp;hoy se presenta este recetario que tiene&nbsp;como origen los videos que ha grabado&nbsp;la T\u00eda Edu&nbsp;cada s\u00e1bado,&nbsp;y nuestra intenci\u00f3n fue decir: no es dif\u00edcil,&nbsp;se prepara muy r\u00e1pido, no es caro y fortalece la econom\u00eda local\u201d, indic\u00f3.&nbsp;<\/p>\n\n\n\n<p>En tanto, &nbsp;Paulina Maga\u00f1a&nbsp;Carbajal, Coordinadora de la Campa\u00f1a Salud Alimentaria,&nbsp;en el&nbsp;Poder del Consumidor consider\u00f3 que el Recetario de la T\u00eda Edu busca rescatar la cultura alimentaria en Oaxaca frente a la invasi\u00f3n de los productos chatarra.<\/p>\n\n\n\n<p>\u201cEstamos&nbsp;atravesando por una transformaci\u00f3n&nbsp;alimentaria que podemos considerar como una crisis porque ha tenido&nbsp;impacto&nbsp;en temas de&nbsp;salud. Las cifras dicen que alrededor del 32 por ciento de las ni\u00f1as&nbsp;y ni\u00f1os en&nbsp;Oaxaca viven con sobrepeso&nbsp;y\/o obesidad y el 10.5%&nbsp;de las personas viven con&nbsp;diabetes\u201d, se\u00f1al\u00f3.&nbsp;<\/p>\n\n\n\n<p>Y&nbsp;destac\u00f3 que la mortalidad por&nbsp;diabetes en Oaxaca se ha duplicado en 10 a\u00f1os, lo cual ha sido principalmente en poblaciones ind\u00edgenas, \u201csabemos que esta alimentaci\u00f3n tradicional y alimentos regionales est\u00e1n cada vez menos presentes en nuestra mesa\u201d.<\/p>\n\n\n\n<p>RICOS PLATILLOS<\/p>\n\n\n\n<p>Al respecto, la \u201cT\u00eda Edu\u201d coment\u00f3 &nbsp;c\u00f3mo fue la experiencia que tuvo en la elaboraci\u00f3n de este recetario y c\u00f3mo se integr\u00f3 al Centro De Apoyo Para La Educaci\u00f3n y Creatividad Calpulli A.C.&nbsp;<\/p>\n\n\n\n<p>Respecto a la comida que elabora, dijo: \u201cHay varios platillos muy ricos que les gusta mucho a las ni\u00f1as y&nbsp;ni\u00f1os. Yo me esmero para hacerlos; porque quien comparte la comida, no pasa solo la vida. Por ejemplo,&nbsp;est\u00e1n los huazontles que son ricos, las acelgas, los quintoniles que le llamamos quelites. Y m\u00e1s que nada&nbsp;el amaranto, que nunca hace falta aqu\u00ed en la cocina para enriquecer las comidas que se preparan\u201d.<\/p>\n\n\n\n<p>Por su parte, Eduardo Torres del Centro de Apoyo al Movimiento Popular (Campo A.C.), consider\u00f3&nbsp;que es necesario colocar el foco de atenci\u00f3n en revalorar,&nbsp;sin romanticismo alguno, la cocina y la agricultura local oaxaque\u00f1a.&nbsp;<\/p>\n\n\n\n<p>El recetario sera&nbsp;distribuido de manera gratuita con la finalidad de concientizar sobre los cambios de h\u00e1bitos alimenticios para que ello redunde en una buena alimentaci\u00f3n, salud y bienestar no solo de las ni\u00f1as ni\u00f1os y adolescentes, sino tambi\u00e9n de la poblaci\u00f3n en general.&nbsp;<\/p>\n\n\n\n<p>(Comunicado)<\/p>\n","protected":false},"excerpt":{"rendered":"<p>Redacci\u00f3n\/Zona Roja. Oaxaca de Ju\u00e1rez, Oax., a 7 de septiembre de 2022.- &nbsp;El 4 de&hellip;<\/p>\n","protected":false},"author":2,"featured_media":45527,"comment_status":"closed","ping_status":"open","sticky":false,"template":"","format":"standard","meta":{"_lmt_disableupdate":"","_lmt_disable":"","_jetpack_memberships_contains_paid_content":false,"footnotes":""},"categories":[109,46],"tags":[1093],"class_list":["post-45525","post","type-post","status-publish","format-standard","has-post-thumbnail","hentry","category-minuto-a-minuto","category-zona-blanca","tag-consorcio-para-el-dialogo-oaxaca"],"jetpack_featured_media_url":"https:\/\/zonaroja.com.mx\/wp-content\/uploads\/2022\/09\/Recetario-de-la-Tia-Edu.jpeg","jetpack_sharing_enabled":true,"_links":{"self":[{"href":"https:\/\/zonaroja.com.mx\/index.php?rest_route=\/wp\/v2\/posts\/45525","targetHints":{"allow":["GET"]}}],"collection":[{"href":"https:\/\/zonaroja.com.mx\/index.php?rest_route=\/wp\/v2\/posts"}],"about":[{"href":"https:\/\/zonaroja.com.mx\/index.php?rest_route=\/wp\/v2\/types\/post"}],"author":[{"embeddable":true,"href":"https:\/\/zonaroja.com.mx\/index.php?rest_route=\/wp\/v2\/users\/2"}],"replies":[{"embeddable":true,"href":"https:\/\/zonaroja.com.mx\/index.php?rest_route=%2Fwp%2Fv2%2Fcomments&post=45525"}],"version-history":[{"count":1,"href":"https:\/\/zonaroja.com.mx\/index.php?rest_route=\/wp\/v2\/posts\/45525\/revisions"}],"predecessor-version":[{"id":45528,"href":"https:\/\/zonaroja.com.mx\/index.php?rest_route=\/wp\/v2\/posts\/45525\/revisions\/45528"}],"wp:featuredmedia":[{"embeddable":true,"href":"https:\/\/zonaroja.com.mx\/index.php?rest_route=\/wp\/v2\/media\/45527"}],"wp:attachment":[{"href":"https:\/\/zonaroja.com.mx\/index.php?rest_route=%2Fwp%2Fv2%2Fmedia&parent=45525"}],"wp:term":[{"taxonomy":"category","embeddable":true,"href":"https:\/\/zonaroja.com.mx\/index.php?rest_route=%2Fwp%2Fv2%2Fcategories&post=45525"},{"taxonomy":"post_tag","embeddable":true,"href":"https:\/\/zonaroja.com.mx\/index.php?rest_route=%2Fwp%2Fv2%2Ftags&post=45525"}],"curies":[{"name":"wp","href":"https:\/\/api.w.org\/{rel}","templated":true}]}}