{"id":45532,"date":"2022-09-07T07:30:27","date_gmt":"2022-09-07T12:30:27","guid":{"rendered":"http:\/\/www.zonaroja.com.mx\/?p=45532"},"modified":"2022-09-07T07:30:28","modified_gmt":"2022-09-07T12:30:28","slug":"imparten-curso-sobre-perspectiva-de-genero-al-personal-del-poder-judicial","status":"publish","type":"post","link":"https:\/\/zonaroja.com.mx\/?p=45532","title":{"rendered":"Imparten curso sobre perspectiva de g\u00e9nero al personal del Poder Judicial"},"content":{"rendered":"\n<p>Redacci\u00f3n\/Zona Roja.<\/p>\n\n\n\n<p>Oaxaca de Ju\u00e1rez, Oax., a 7 de agosto de 2022.- El titular del Poder Judicial del Estado, magistrado Eduardo Pinacho S\u00e1nchez, inaugur\u00f3 el curso&nbsp;\u00abLa perspectiva de g\u00e9nero en la impartici\u00f3n de justicia\u00bb,&nbsp;que tiene como objetivo reforzar las herramientas conceptuales y metodol\u00f3gicas&nbsp;en&nbsp;las y los juzgadores para aplicar estos enfoques y&nbsp;contribuir en&nbsp;la modificaci\u00f3n y eliminaci\u00f3n de pr\u00e1cticas culturales y comportamientos que afectan principalmente a los grupos vulnerados, como son las mujeres. &nbsp;<\/p>\n\n\n\n<p>Dise\u00f1ado a nivel nacional por la Escuela Federal de Formaci\u00f3n Judicial&nbsp;y la Asociaci\u00f3n Mexicana de Juzgadoras, A.C.,&nbsp;la actividad acad\u00e9mica comprende temas como&nbsp;La perspectiva de g\u00e9nero en los sistemas universal e interamericano de derechos humanos y la doctrina jurisprudencial de la Suprema Corte de Justicia de la Naci\u00f3n, as\u00ed como la obligaci\u00f3n gen\u00e9rica sobre el uso del lenguaje&nbsp;en las&nbsp;sentencias. &nbsp;<\/p>\n\n\n\n<p>En su mensaje,&nbsp;el&nbsp;presidente del Tribunal Superior de Justicia y del Consejo de la Judicatura&nbsp;afirm\u00f3&nbsp;que los \u00f3rganos de procuraci\u00f3n y administraci\u00f3n de justicia tienen la obligaci\u00f3n de dise\u00f1ar estrategias integrales de atenci\u00f3n, prevenci\u00f3n, sanci\u00f3n y erradicaci\u00f3n de la violencia contra las mujeres.<\/p>\n\n\n\n<p>Ante&nbsp;la magistrada Adriana&nbsp;Alejandra&nbsp;Ramos Le\u00f3n, presidenta del Primer Tribunal Colegiado en materias civil y administrativa, as\u00ed como&nbsp;coordinadora en Oaxaca de la Asociaci\u00f3n Mexicana de Juzgadoras,&nbsp;quien imparti\u00f3 de primera sesi\u00f3n de la actividad que concluir\u00e1 el pr\u00f3ximo ocho de septiembre,&nbsp;se\u00f1al\u00f3 que estos encuentros contribuyen&nbsp;a remover la conciencia para que desde el quehacer jurisdiccional se coadyuve en la erradicaci\u00f3n de los estereotipos de g\u00e9nero.&nbsp;<\/p>\n\n\n\n<p>Por su parte y en presencia de magistradas y magistrados del Tribunal Superior de Justicia del Estado, consejera de la Judicatura, juezas, jueces y personal jurisdiccional,&nbsp;la&nbsp;magistradaRamos Le\u00f3n,&nbsp;resalt\u00f3&nbsp;que juzgar con perspectiva de g\u00e9nero permite transformar las pr\u00e1cticas de aplicaci\u00f3n del derecho aplicando una&nbsp;visi\u00f3n cr\u00edtica de la realidad.&nbsp;Asimismo,&nbsp;explic\u00f3 los elementos conceptuales y te\u00f3ricos de la perspectiva de g\u00e9nero en el derecho.<\/p>\n","protected":false},"excerpt":{"rendered":"<p>Redacci\u00f3n\/Zona Roja. Oaxaca de Ju\u00e1rez, Oax., a 7 de agosto de 2022.- El titular del&hellip;<\/p>\n","protected":false},"author":2,"featured_media":45526,"comment_status":"closed","ping_status":"open","sticky":false,"template":"","format":"standard","meta":{"_lmt_disableupdate":"","_lmt_disable":"","_jetpack_memberships_contains_paid_content":false,"footnotes":""},"categories":[109,46],"tags":[223],"class_list":["post-45532","post","type-post","status-publish","format-standard","has-post-thumbnail","hentry","category-minuto-a-minuto","category-zona-blanca","tag-poder-judicial-de-oaxaca"],"jetpack_featured_media_url":"https:\/\/zonaroja.com.mx\/wp-content\/uploads\/2022\/09\/El-magistrado-Eduardo-Pinacho-inauguro-la-actividad-academica.jpg","jetpack_sharing_enabled":true,"_links":{"self":[{"href":"https:\/\/zonaroja.com.mx\/index.php?rest_route=\/wp\/v2\/posts\/45532","targetHints":{"allow":["GET"]}}],"collection":[{"href":"https:\/\/zonaroja.com.mx\/index.php?rest_route=\/wp\/v2\/posts"}],"about":[{"href":"https:\/\/zonaroja.com.mx\/index.php?rest_route=\/wp\/v2\/types\/post"}],"author":[{"embeddable":true,"href":"https:\/\/zonaroja.com.mx\/index.php?rest_route=\/wp\/v2\/users\/2"}],"replies":[{"embeddable":true,"href":"https:\/\/zonaroja.com.mx\/index.php?rest_route=%2Fwp%2Fv2%2Fcomments&post=45532"}],"version-history":[{"count":1,"href":"https:\/\/zonaroja.com.mx\/index.php?rest_route=\/wp\/v2\/posts\/45532\/revisions"}],"predecessor-version":[{"id":45533,"href":"https:\/\/zonaroja.com.mx\/index.php?rest_route=\/wp\/v2\/posts\/45532\/revisions\/45533"}],"wp:featuredmedia":[{"embeddable":true,"href":"https:\/\/zonaroja.com.mx\/index.php?rest_route=\/wp\/v2\/media\/45526"}],"wp:attachment":[{"href":"https:\/\/zonaroja.com.mx\/index.php?rest_route=%2Fwp%2Fv2%2Fmedia&parent=45532"}],"wp:term":[{"taxonomy":"category","embeddable":true,"href":"https:\/\/zonaroja.com.mx\/index.php?rest_route=%2Fwp%2Fv2%2Fcategories&post=45532"},{"taxonomy":"post_tag","embeddable":true,"href":"https:\/\/zonaroja.com.mx\/index.php?rest_route=%2Fwp%2Fv2%2Ftags&post=45532"}],"curies":[{"name":"wp","href":"https:\/\/api.w.org\/{rel}","templated":true}]}}