{"id":45534,"date":"2022-09-07T08:15:33","date_gmt":"2022-09-07T13:15:33","guid":{"rendered":"http:\/\/www.zonaroja.com.mx\/?p=45534"},"modified":"2022-09-07T08:15:34","modified_gmt":"2022-09-07T13:15:34","slug":"ejecutan-y-calcinan-a-trabajadores-de-la-cfe-en-sonora","status":"publish","type":"post","link":"https:\/\/zonaroja.com.mx\/?p=45534","title":{"rendered":"Ejecutan y calcinan a trabajadores de la CFE en Sonora"},"content":{"rendered":"\n<p>Redacci\u00f3n\/Zona Roja Cdmx.<\/p>\n\n\n\n<p>Ciudad de M\u00e9xico, a 7 de septiembre de 2022.- Tres empleados de la CFE en Sonora fueron v\u00edctimas de un ataque armado por parte de integrantes del crimen organizado. Los hechos, seg\u00fan grabaciones difundidas en redes sociales, ocurrieron&nbsp;en la regi\u00f3n de \u00d3navas.<\/p>\n\n\n\n<p>En el clip que circula en plataformas digitales, se puede observar que el conductor de un cami\u00f3n, que transitaba por el lugar de los hechos, logr\u00f3 grabar un veh\u00edculo aparentemente quemado, en el que se presume tres trabajadores de CFE fueron asesinados por sicarios del crimen organizado.&nbsp;<\/p>\n\n\n\n<p>De acuerdo con la Secretar\u00eda de Seguridad P\u00fablica del Estado de Sonora, cerca de las 9:00 horas, de este martes, se recibi\u00f3 un reporte al 911 donde se habl\u00f3 sobre unos trabajadores de la CFE con qui\u00e9nes se perdi\u00f3 comunicaci\u00f3n cuando transitaban por la carretera federal Hermosillo-Y\u00e9cora.&nbsp;<\/p>\n\n\n\n<p>\u00abAproximadamente a las 9 a.m. de hoy se recibi\u00f3 a 9-1-1 reporte sobre unos trabajadores de la CFE con qui\u00e9nes se perdi\u00f3 comunicaci\u00f3n cuando transitaban por la carretera federal Hermosillo &#8211; Y\u00e9cora\u00bb, escribi\u00f3 la dependencia en Twitter.<\/p>\n\n\n\n<p>De igual forma, la secretar\u00eda detall\u00f3 que al reporte acudieron Polic\u00eda Estatal, Guardia Nacional y elementos de la Sedena. \u00abLa Fiscal\u00eda General de Justicia del Estado de Sonora y la Delegaci\u00f3n de la Fiscal\u00eda General de la Rep\u00fablica dar\u00e1n mayor informaci\u00f3n de los hechos en cuanto el proceso lo permita\u00bb, coment\u00f3 la dependencia.<\/p>\n\n\n\n<p>Tambi\u00e9n, se anunci\u00f3 que las corporaciones de seguridad mantienen presencia para resguardar la tranquilidad de los habitantes de la zona.<\/p>\n\n\n\n<p>De manera extraoficial, medios locales, informan que el ataque armado, que ocurri\u00f3 en el municipio de \u00d3navas, dej\u00f3 un saldo de tres muertos en el sitio y un sobreviviente.<\/p>\n\n\n\n<p>La informaci\u00f3n que se difunde por redes sociales supuestamente fue compartida por los propios trabajadores de la CFE, quienes refieren que dos de las v\u00edctimas son reconocidos beisbolistas de las ligas de la paraestatal.<\/p>\n\n\n\n<p>(Informaci\u00f3n de \u201cEl Heraldo de M\u00e9xico\u201d)<\/p>\n","protected":false},"excerpt":{"rendered":"<p>Redacci\u00f3n\/Zona Roja Cdmx. Ciudad de M\u00e9xico, a 7 de septiembre de 2022.- Tres empleados de&hellip;<\/p>\n","protected":false},"author":2,"featured_media":45535,"comment_status":"closed","ping_status":"open","sticky":false,"template":"","format":"standard","meta":{"_lmt_disableupdate":"","_lmt_disable":"","_jetpack_memberships_contains_paid_content":false,"footnotes":""},"categories":[109,51],"tags":[],"class_list":["post-45534","post","type-post","status-publish","format-standard","has-post-thumbnail","hentry","category-minuto-a-minuto","category-zona-roja"],"jetpack_featured_media_url":"https:\/\/zonaroja.com.mx\/wp-content\/uploads\/2022\/09\/Asesinados-CFE-Sonora.jpeg","jetpack_sharing_enabled":true,"_links":{"self":[{"href":"https:\/\/zonaroja.com.mx\/index.php?rest_route=\/wp\/v2\/posts\/45534","targetHints":{"allow":["GET"]}}],"collection":[{"href":"https:\/\/zonaroja.com.mx\/index.php?rest_route=\/wp\/v2\/posts"}],"about":[{"href":"https:\/\/zonaroja.com.mx\/index.php?rest_route=\/wp\/v2\/types\/post"}],"author":[{"embeddable":true,"href":"https:\/\/zonaroja.com.mx\/index.php?rest_route=\/wp\/v2\/users\/2"}],"replies":[{"embeddable":true,"href":"https:\/\/zonaroja.com.mx\/index.php?rest_route=%2Fwp%2Fv2%2Fcomments&post=45534"}],"version-history":[{"count":1,"href":"https:\/\/zonaroja.com.mx\/index.php?rest_route=\/wp\/v2\/posts\/45534\/revisions"}],"predecessor-version":[{"id":45536,"href":"https:\/\/zonaroja.com.mx\/index.php?rest_route=\/wp\/v2\/posts\/45534\/revisions\/45536"}],"wp:featuredmedia":[{"embeddable":true,"href":"https:\/\/zonaroja.com.mx\/index.php?rest_route=\/wp\/v2\/media\/45535"}],"wp:attachment":[{"href":"https:\/\/zonaroja.com.mx\/index.php?rest_route=%2Fwp%2Fv2%2Fmedia&parent=45534"}],"wp:term":[{"taxonomy":"category","embeddable":true,"href":"https:\/\/zonaroja.com.mx\/index.php?rest_route=%2Fwp%2Fv2%2Fcategories&post=45534"},{"taxonomy":"post_tag","embeddable":true,"href":"https:\/\/zonaroja.com.mx\/index.php?rest_route=%2Fwp%2Fv2%2Ftags&post=45534"}],"curies":[{"name":"wp","href":"https:\/\/api.w.org\/{rel}","templated":true}]}}