{"id":45537,"date":"2022-09-07T14:17:00","date_gmt":"2022-09-07T19:17:00","guid":{"rendered":"http:\/\/www.zonaroja.com.mx\/?p=45537"},"modified":"2022-09-07T08:22:29","modified_gmt":"2022-09-07T13:22:29","slug":"jueza-del-juzgado-especializado-en-justicia-para-adolescentes-da-carpetazo-a-feminicidio","status":"publish","type":"post","link":"https:\/\/zonaroja.com.mx\/?p=45537","title":{"rendered":"Jueza del Juzgado Especializado en Justicia para Adolescentes da \u201ccarpetazo\u201d a feminicidio"},"content":{"rendered":"\n<p>Redacci\u00f3n\/Informativo 570.<\/p>\n\n\n\n<p>Oaxaca de Ju\u00e1rez, Oax., a 7 de septiembre de 2022.- Alma Deysi Mart\u00ednez Mart\u00ednez fue asesinada el 8 de mayo de 2011, ocho d\u00edas antes de que cumpliera 15 a\u00f1os.&nbsp;<\/p>\n\n\n\n<p>Su cuerpo fue encontrado en un paraje de la colonia Mi Ranchito, en el municipio de Santa Cruz Xoxocotl\u00e1n, con signos de violencia extrema.<\/p>\n\n\n\n<p>Dos a\u00f1os despu\u00e9s, tres personas fueron detenidas como presuntas responsables del feminicidio de la menor, sin embargo, a la fecha no han sido sentenciadas.<\/p>\n\n\n\n<p>La se\u00f1ora Natalia Mart\u00ednez Garc\u00eda, mam\u00e1 de Alma Deysi, expres\u00f3 que a 11 a\u00f1os de este hecho lamentable, no hay justicia para su hija, dijo que ha sido un largo peregrinar todos estos a\u00f1os, ya que las autoridades protegen a los asesinos, violentando los derechos como v\u00edctimas.<\/p>\n\n\n\n<p>En este sentido, denunci\u00f3 a Irina Cabrera Gir\u00f3n, Jueza del Juzgado Especializado en Justicia para Adolescentes del Estado de Oaxaca, por darle \u201ccarpetazo\u201d a este feminicidio, bajo el argumento de que ya pasaron muchos a\u00f1os del asesinato, y la investigaci\u00f3n ya venci\u00f3.<\/p>\n\n\n\n<p>Coment\u00f3 que hay muchas deficiencias en la investigaci\u00f3n por parte de las instituciones encargadas de atenderlos, la verdad y la reparaci\u00f3n del da\u00f1o para las v\u00edctimas de feminicidios y sus familiares son violentados gravemente.<\/p>\n\n\n\n<p>Se\u00f1al\u00f3 a Luis Emanuel Mat\u00edas Reyes, quien era novio de su hija, como uno de los presuntos responsables, ya que a 100 metros de su casa, encontraron el cuerpo de Alma Deysi, y por tener relaci\u00f3n de amistad con los imputados.<\/p>\n","protected":false},"excerpt":{"rendered":"<p>Redacci\u00f3n\/Informativo 570. Oaxaca de Ju\u00e1rez, Oax., a 7 de septiembre de 2022.- Alma Deysi Mart\u00ednez&hellip;<\/p>\n","protected":false},"author":2,"featured_media":45538,"comment_status":"closed","ping_status":"open","sticky":false,"template":"","format":"standard","meta":{"_lmt_disableupdate":"","_lmt_disable":"","_jetpack_memberships_contains_paid_content":false,"footnotes":""},"categories":[109,47],"tags":[610],"class_list":["post-45537","post","type-post","status-publish","format-standard","has-post-thumbnail","hentry","category-minuto-a-minuto","category-zona-gris","tag-feminicidios-oaxaca"],"jetpack_featured_media_url":"https:\/\/zonaroja.com.mx\/wp-content\/uploads\/2022\/09\/Feminicidio-Xoxocotlan-sin-justicia.jpeg","jetpack_sharing_enabled":true,"_links":{"self":[{"href":"https:\/\/zonaroja.com.mx\/index.php?rest_route=\/wp\/v2\/posts\/45537","targetHints":{"allow":["GET"]}}],"collection":[{"href":"https:\/\/zonaroja.com.mx\/index.php?rest_route=\/wp\/v2\/posts"}],"about":[{"href":"https:\/\/zonaroja.com.mx\/index.php?rest_route=\/wp\/v2\/types\/post"}],"author":[{"embeddable":true,"href":"https:\/\/zonaroja.com.mx\/index.php?rest_route=\/wp\/v2\/users\/2"}],"replies":[{"embeddable":true,"href":"https:\/\/zonaroja.com.mx\/index.php?rest_route=%2Fwp%2Fv2%2Fcomments&post=45537"}],"version-history":[{"count":1,"href":"https:\/\/zonaroja.com.mx\/index.php?rest_route=\/wp\/v2\/posts\/45537\/revisions"}],"predecessor-version":[{"id":45539,"href":"https:\/\/zonaroja.com.mx\/index.php?rest_route=\/wp\/v2\/posts\/45537\/revisions\/45539"}],"wp:featuredmedia":[{"embeddable":true,"href":"https:\/\/zonaroja.com.mx\/index.php?rest_route=\/wp\/v2\/media\/45538"}],"wp:attachment":[{"href":"https:\/\/zonaroja.com.mx\/index.php?rest_route=%2Fwp%2Fv2%2Fmedia&parent=45537"}],"wp:term":[{"taxonomy":"category","embeddable":true,"href":"https:\/\/zonaroja.com.mx\/index.php?rest_route=%2Fwp%2Fv2%2Fcategories&post=45537"},{"taxonomy":"post_tag","embeddable":true,"href":"https:\/\/zonaroja.com.mx\/index.php?rest_route=%2Fwp%2Fv2%2Ftags&post=45537"}],"curies":[{"name":"wp","href":"https:\/\/api.w.org\/{rel}","templated":true}]}}