{"id":4554,"date":"2019-10-04T19:59:48","date_gmt":"2019-10-05T00:59:48","guid":{"rendered":"http:\/\/www.zonaroja.com.mx\/?p=4554"},"modified":"2019-10-04T19:59:52","modified_gmt":"2019-10-05T00:59:52","slug":"presentan-en-oaxaca-libro-mi-vida-son-nuestras-batallas-de-teodoro-renteria","status":"publish","type":"post","link":"https:\/\/zonaroja.com.mx\/?p=4554","title":{"rendered":"Presentan en Oaxaca libro \u201cMi vida son nuestras batallas\u201d, de Teodoro Renter\u00eda"},"content":{"rendered":"\n<p>Redacci\u00f3n\/Zona Roja.<\/p>\n\n\n\n<p>Oaxaca de Ju\u00e1rez, Oax., 4 de octubre de\n2019.- Teodoro Renter\u00eda Arr\u00f3yave, periodista y escritor, presidente fundador y\nvitalicio honorario de la Federaci\u00f3n de Asociaciones de Periodistas Mexicanos\n(Fapermex), presentar\u00e1 este s\u00e1bado en Oaxaca su libro \u201cMi vida son nuestras\nbatallas\u201d.<\/p>\n\n\n\n<p>El volumen, en su segunda edici\u00f3n, expone\ncerca de 300 casos de periodistas agredidos y asesinados en M\u00e9xico en las\n\u00faltimas d\u00e9cadas, la mayor\u00eda de los cuales permanecen impunes.<\/p>\n\n\n\n<p>El tambi\u00e9n secretario de Desarrollo\nSocial de la Federaci\u00f3n Latinoamericana de Periodistas (FELAP) y presidente del\nColegio Nacional de Licenciados en Periodismo (Conalipe), se\u00f1ala la necesidad\nde reforzar los mecanismos de protecci\u00f3n para los trabajadores de la\ncomunicaci\u00f3n.<\/p>\n\n\n\n<p>Asimismo, la exigencia a las\nautoridades de los tres niveles de gobierno para evitar m\u00e1s agresiones en\ncontra de los periodistas, porque considera al atacar a la prensa, se coarta\ntambi\u00e9n la libertad de expresi\u00f3n y la libertad de informaci\u00f3n, al que tiene\nderecho la poblaci\u00f3n.<\/p>\n\n\n\n<p>El acto se efectuar\u00e1 a las 10:00 horas\nen el Paraninfo de la Facultad de Derecho y Ciencias Sociales, ubicado en el\nCentro Hist\u00f3rico de la capital oaxaque\u00f1a, en coordinaci\u00f3n con la Universidad\nAut\u00f3noma \u201cBenito Ju\u00e1rez\u201d de Oaxaca y la Asociaci\u00f3n de Periodistas de Oaxaca\n(APO).<\/p>\n\n\n\n<p>Teodoro Renter\u00eda Arr\u00f3yave es igualmente\nmiembro del Consejo Consultivo permanente del Club Primera Plana y uno de los\npioneros de la radiodifusi\u00f3n en el pa\u00eds.<\/p>\n\n\n\n<p>Es adem\u00e1s acad\u00e9mico de N\u00famero de la\nAcademia Nacional de Historia y Geograf\u00eda, as\u00ed como reportero de calle, fundador\nde importantes redacciones de noticias para sistemas p\u00fablicos y privados de\ntelevisi\u00f3n y radio, con una labor ininterrumpida de 63 a\u00f1os de trabajo.<\/p>\n","protected":false},"excerpt":{"rendered":"<p>Redacci\u00f3n\/Zona Roja. Oaxaca de Ju\u00e1rez, Oax., 4 de octubre de 2019.- Teodoro Renter\u00eda Arr\u00f3yave, periodista&hellip;<\/p>\n","protected":false},"author":2,"featured_media":4555,"comment_status":"closed","ping_status":"open","sticky":false,"template":"","format":"standard","meta":{"_lmt_disableupdate":"","_lmt_disable":"","_jetpack_memberships_contains_paid_content":false,"footnotes":""},"categories":[109,46],"tags":[817,282],"class_list":["post-4554","post","type-post","status-publish","format-standard","has-post-thumbnail","hentry","category-minuto-a-minuto","category-zona-blanca","tag-teodoro-renteria-arroyave","tag-universidad-autonoma-benito-juarez-de-oaxaca"],"jetpack_featured_media_url":"https:\/\/zonaroja.com.mx\/wp-content\/uploads\/2019\/10\/Teodoro-Renter\u00eda.jpg","jetpack_sharing_enabled":true,"_links":{"self":[{"href":"https:\/\/zonaroja.com.mx\/index.php?rest_route=\/wp\/v2\/posts\/4554","targetHints":{"allow":["GET"]}}],"collection":[{"href":"https:\/\/zonaroja.com.mx\/index.php?rest_route=\/wp\/v2\/posts"}],"about":[{"href":"https:\/\/zonaroja.com.mx\/index.php?rest_route=\/wp\/v2\/types\/post"}],"author":[{"embeddable":true,"href":"https:\/\/zonaroja.com.mx\/index.php?rest_route=\/wp\/v2\/users\/2"}],"replies":[{"embeddable":true,"href":"https:\/\/zonaroja.com.mx\/index.php?rest_route=%2Fwp%2Fv2%2Fcomments&post=4554"}],"version-history":[{"count":1,"href":"https:\/\/zonaroja.com.mx\/index.php?rest_route=\/wp\/v2\/posts\/4554\/revisions"}],"predecessor-version":[{"id":4556,"href":"https:\/\/zonaroja.com.mx\/index.php?rest_route=\/wp\/v2\/posts\/4554\/revisions\/4556"}],"wp:featuredmedia":[{"embeddable":true,"href":"https:\/\/zonaroja.com.mx\/index.php?rest_route=\/wp\/v2\/media\/4555"}],"wp:attachment":[{"href":"https:\/\/zonaroja.com.mx\/index.php?rest_route=%2Fwp%2Fv2%2Fmedia&parent=4554"}],"wp:term":[{"taxonomy":"category","embeddable":true,"href":"https:\/\/zonaroja.com.mx\/index.php?rest_route=%2Fwp%2Fv2%2Fcategories&post=4554"},{"taxonomy":"post_tag","embeddable":true,"href":"https:\/\/zonaroja.com.mx\/index.php?rest_route=%2Fwp%2Fv2%2Ftags&post=4554"}],"curies":[{"name":"wp","href":"https:\/\/api.w.org\/{rel}","templated":true}]}}