{"id":45542,"date":"2022-09-07T08:34:55","date_gmt":"2022-09-07T13:34:55","guid":{"rendered":"http:\/\/www.zonaroja.com.mx\/?p=45542"},"modified":"2022-09-07T08:34:57","modified_gmt":"2022-09-07T13:34:57","slug":"tunden-a-amlo-en-redes-por-cambiar-de-opinion-respecto-a-que-el-ejercito","status":"publish","type":"post","link":"https:\/\/zonaroja.com.mx\/?p=45542","title":{"rendered":"Tunden a AMLO en redes por \u201ccambiar de opini\u00f3n\u201d respecto a que el Ej\u00e9rcito"},"content":{"rendered":"\n<p>Redacci\u00f3n\/Zona Roja Cdmx.<\/p>\n\n\n\n<p>Ciudad de M\u00e9xico, a 7 de septiembre de 2022.- Luego de que el presidente Andr\u00e9s Manuel L\u00f3pez Obrador (AMLO) admitiera en su conferencia ma\u00f1anera de este martes que cambi\u00f3 de opini\u00f3n respecto a que el Ej\u00e9rcito deb\u00eda regresar a sus cuarteles y dejar de hacer labores de seguridad p\u00fablica -tal como lo prometi\u00f3 en campa\u00f1a-, le llovieron las cr\u00edticas en las redes sociales.<\/p>\n\n\n\n<p>Uno de ellos fue el periodista H\u00e9ctor de Maule\u00f3n, quien a trav\u00e9s de su cuenta de Twitter escribi\u00f3: \u201cCambi\u00f3 de opini\u00f3n, nada m\u00e1s que les aviso cuatro a\u00f1os despu\u00e9s, y mientras los puso a dar maromas. Cada una m\u00e1s desnucadora que la otra. \u00a1Ah, qu\u00e9 muchachos!\u201d, solt\u00f3 el tambi\u00e9n columnista al tiempo que comparti\u00f3 un extracto del video con las declaraciones del presidente.<\/p>\n\n\n\n<p>La polit\u00f3loga y analista, Denise Dresser fue otra usuaria de Twitter quien reaccion\u00f3 a las declaraciones del mandatario.<\/p>\n\n\n\n<p>\u201c\u00bfY por eso decidi\u00f3 que la \u00fanica estrategia era volverse Calder\u00f3n con esteroides, subcontratar el gobierno a las fuerzas armadas, crear un poder f\u00e1ctico opaco, y colocar a Mexico en la categor\u00eda de pa\u00edses autoritarios con militares al mando como Arabia Saudita\/Yemen\/Siria\/Ir\u00e1n?\u201d (sic).<\/p>\n\n\n\n<p>Quien tambi\u00e9n cuestion\u00f3 las declaraciones del mandatario fue el analista Jos\u00e9 Antonio Crespo, quien asegur\u00f3: \u201cM\u00e1s bien su antimilitarismo fue un enga\u00f1o. En 2006 visit\u00f3 a Tony Garza y le comunic\u00f3 que se basar\u00eda en el Ej\u00e9rcito para la seguridad. Siempre fue militarista pero lo ocult\u00f3 por motivos electorales\u201d, escribi\u00f3 Crespo en la misma red social.<\/p>\n\n\n\n<p>\u201cCAMBI\u00c9 DE OPINI\u00d3N\u201d<\/p>\n\n\n\n<p>Durante su conferencia matutina de este martes, el presidente Andr\u00e9s Manuel L\u00f3pez Obrador reconoci\u00f3 que \u201ccambi\u00f3 de opini\u00f3n\u201d de sacar al Ej\u00e9rcito de las labores de seguridad p\u00fablica, debido a la magnitud \u201cdel problema\u201d que le heredaron.<\/p>\n\n\n\n<p>\u201cS\u00ed, s\u00ed, cambi\u00e9 de opini\u00f3n ya viendo el problema que me heredaron. \u00bfC\u00f3mo enfrentar el problema de la inseguridad? S\u00ed sab\u00eda yo desde el principio y estoy absolutamente convencido que la paz es fruto de la justicia y eso es la base de la pol\u00edtica de seguridad\u201d, sostuvo.<\/p>\n\n\n\n<p>Adem\u00e1s, reiter\u00f3 el mismo argumento que ha venido sosteniendo desde hace meses: la incorporaci\u00f3n de la Guardia Nacional a la Secretar\u00eda de la Defensa Nacional para que \u201cno se eche a perder\u201d como ocurri\u00f3 con la Polic\u00eda Federal.<\/p>\n\n\n\n<p>\u201cQu\u00e9 \u00edbamos a hacer con la Polic\u00eda Federal como estaba, porque se sabe que de ah\u00ed salieron todos los que ahora est\u00e1n en la c\u00e1rcel, est\u00e1n acusados o est\u00e1n pr\u00f3fugos por tremendas violaciones a los derechos humanos. S\u00ed (la GN es lo que esperaba), pero necesitamos que no se eche a perder como pas\u00f3 con la Polic\u00eda Federal. Estoy convencido de que debe de estar la Guardia Nacional dependiendo de la Sedena, una rama m\u00e1s como lo es la Fuerza A\u00e9rea\u201d, dijo.<\/p>\n\n\n\n<p>L\u00f3pez Obrador neg\u00f3 que el objetivo sea militarizar al pa\u00eds y mucho menos crear un r\u00e9gimen autoritarista, sino que la Sedena mantenga una vigilancia permanente sobre la Guardia Nacional para que esta pueda cumplir idealmente con las labores de seguridad sin corromperse.<\/p>\n\n\n\n<p>\u201cHablan de que vamos a militarizar al pa\u00eds y eso no es cierto. Vamos a seguir defendiendo el que la GN, como sucede en Francia, Italia, Espa\u00f1a, dependa de las Fuerzas Armadas. Nosotros tomamos la decisi\u00f3n de que se reformara la constituci\u00f3n para que se contara con el apoyo del Ej\u00e9rcito y la Sedena en labores de seguridad p\u00fablica porque es un problema muy sentido por la poblaci\u00f3n\u201d, asever\u00f3.<\/p>\n\n\n\n<p>Una de las promesas de campa\u00f1a de Andr\u00e9s Manuel L\u00f3pez Obrador fue regresar al Ej\u00e9rcito a sus cuarteles, cosa que lejos de ocurrir, ahora pretende prorrogar aunque haya terminado su mandato.<\/p>\n","protected":false},"excerpt":{"rendered":"<p>Redacci\u00f3n\/Zona Roja Cdmx. Ciudad de M\u00e9xico, a 7 de septiembre de 2022.- Luego de que&hellip;<\/p>\n","protected":false},"author":2,"featured_media":45543,"comment_status":"closed","ping_status":"open","sticky":false,"template":"","format":"standard","meta":{"_lmt_disableupdate":"","_lmt_disable":"","_jetpack_memberships_contains_paid_content":false,"footnotes":""},"categories":[109,47],"tags":[143],"class_list":["post-45542","post","type-post","status-publish","format-standard","has-post-thumbnail","hentry","category-minuto-a-minuto","category-zona-gris","tag-andres-manuel-lopez-obrador"],"jetpack_featured_media_url":"https:\/\/zonaroja.com.mx\/wp-content\/uploads\/2022\/09\/Lopez-Obrador-y-Ejercito.jpeg","jetpack_sharing_enabled":true,"_links":{"self":[{"href":"https:\/\/zonaroja.com.mx\/index.php?rest_route=\/wp\/v2\/posts\/45542","targetHints":{"allow":["GET"]}}],"collection":[{"href":"https:\/\/zonaroja.com.mx\/index.php?rest_route=\/wp\/v2\/posts"}],"about":[{"href":"https:\/\/zonaroja.com.mx\/index.php?rest_route=\/wp\/v2\/types\/post"}],"author":[{"embeddable":true,"href":"https:\/\/zonaroja.com.mx\/index.php?rest_route=\/wp\/v2\/users\/2"}],"replies":[{"embeddable":true,"href":"https:\/\/zonaroja.com.mx\/index.php?rest_route=%2Fwp%2Fv2%2Fcomments&post=45542"}],"version-history":[{"count":1,"href":"https:\/\/zonaroja.com.mx\/index.php?rest_route=\/wp\/v2\/posts\/45542\/revisions"}],"predecessor-version":[{"id":45544,"href":"https:\/\/zonaroja.com.mx\/index.php?rest_route=\/wp\/v2\/posts\/45542\/revisions\/45544"}],"wp:featuredmedia":[{"embeddable":true,"href":"https:\/\/zonaroja.com.mx\/index.php?rest_route=\/wp\/v2\/media\/45543"}],"wp:attachment":[{"href":"https:\/\/zonaroja.com.mx\/index.php?rest_route=%2Fwp%2Fv2%2Fmedia&parent=45542"}],"wp:term":[{"taxonomy":"category","embeddable":true,"href":"https:\/\/zonaroja.com.mx\/index.php?rest_route=%2Fwp%2Fv2%2Fcategories&post=45542"},{"taxonomy":"post_tag","embeddable":true,"href":"https:\/\/zonaroja.com.mx\/index.php?rest_route=%2Fwp%2Fv2%2Ftags&post=45542"}],"curies":[{"name":"wp","href":"https:\/\/api.w.org\/{rel}","templated":true}]}}