{"id":45545,"date":"2022-09-07T08:48:22","date_gmt":"2022-09-07T13:48:22","guid":{"rendered":"http:\/\/www.zonaroja.com.mx\/?p=45545"},"modified":"2022-09-07T08:48:23","modified_gmt":"2022-09-07T13:48:23","slug":"muere-joven-baleado-en-soyaltepec-tras-intento-de-secuestro","status":"publish","type":"post","link":"https:\/\/zonaroja.com.mx\/?p=45545","title":{"rendered":"Muere joven baleado en Soyaltepec, tras intento de secuestro"},"content":{"rendered":"\n<p>Redacci\u00f3n\/Zona Roja.<\/p>\n\n\n\n<p>Oaxaca de Ju\u00e1rez, Oax., a 7 de septiembre de 2022.- Un joven que fue baleado el pasado lunes en San Miguel Soyaltepec, tras intentar secuestrarlo, muri\u00f3 ayer en un hospital de San Juan Bautista Tuxtepec.<\/p>\n\n\n\n<p>Se trata de Daniel G. I., de aproximadamente 25 a\u00f1os de edad, a quien intentaron plagiar en Soyaltepec -conocido tambi\u00e9n como Temascal- y tras resistirse fue atacado a balazos; al menos seis impactos recibi\u00f3 en el cuerpo.<\/p>\n\n\n\n<p>En el sitio los polic\u00edas localizaron una camioneta tipo Ram, marca Dodge, color gris, al parecer de la v\u00edctima.<\/p>\n\n\n\n<p>Luego de ello fue trasladado a un hospital de Tuxtepec, donde convalec\u00eda, pero debido a la gravedad de las lesiones perdi\u00f3 la vida.<\/p>\n\n\n\n<p>La Vicefiscal\u00eda Regional de la Cuenca indaga el caso y hasta ahora no reporta detenciones relacionadas con el intento de secuestro y posterior homicidio.<\/p>\n","protected":false},"excerpt":{"rendered":"<p>Redacci\u00f3n\/Zona Roja. Oaxaca de Ju\u00e1rez, Oax., a 7 de septiembre de 2022.- Un joven que&hellip;<\/p>\n","protected":false},"author":2,"featured_media":7918,"comment_status":"closed","ping_status":"open","sticky":false,"template":"","format":"standard","meta":{"_lmt_disableupdate":"","_lmt_disable":"","_jetpack_memberships_contains_paid_content":false,"footnotes":""},"categories":[109,51],"tags":[1037],"class_list":["post-45545","post","type-post","status-publish","format-standard","has-post-thumbnail","hentry","category-minuto-a-minuto","category-zona-roja","tag-san-miguel-soyaltepec"],"jetpack_featured_media_url":"https:\/\/zonaroja.com.mx\/wp-content\/uploads\/2020\/01\/Temascal.jpg","jetpack_sharing_enabled":true,"_links":{"self":[{"href":"https:\/\/zonaroja.com.mx\/index.php?rest_route=\/wp\/v2\/posts\/45545","targetHints":{"allow":["GET"]}}],"collection":[{"href":"https:\/\/zonaroja.com.mx\/index.php?rest_route=\/wp\/v2\/posts"}],"about":[{"href":"https:\/\/zonaroja.com.mx\/index.php?rest_route=\/wp\/v2\/types\/post"}],"author":[{"embeddable":true,"href":"https:\/\/zonaroja.com.mx\/index.php?rest_route=\/wp\/v2\/users\/2"}],"replies":[{"embeddable":true,"href":"https:\/\/zonaroja.com.mx\/index.php?rest_route=%2Fwp%2Fv2%2Fcomments&post=45545"}],"version-history":[{"count":1,"href":"https:\/\/zonaroja.com.mx\/index.php?rest_route=\/wp\/v2\/posts\/45545\/revisions"}],"predecessor-version":[{"id":45546,"href":"https:\/\/zonaroja.com.mx\/index.php?rest_route=\/wp\/v2\/posts\/45545\/revisions\/45546"}],"wp:featuredmedia":[{"embeddable":true,"href":"https:\/\/zonaroja.com.mx\/index.php?rest_route=\/wp\/v2\/media\/7918"}],"wp:attachment":[{"href":"https:\/\/zonaroja.com.mx\/index.php?rest_route=%2Fwp%2Fv2%2Fmedia&parent=45545"}],"wp:term":[{"taxonomy":"category","embeddable":true,"href":"https:\/\/zonaroja.com.mx\/index.php?rest_route=%2Fwp%2Fv2%2Fcategories&post=45545"},{"taxonomy":"post_tag","embeddable":true,"href":"https:\/\/zonaroja.com.mx\/index.php?rest_route=%2Fwp%2Fv2%2Ftags&post=45545"}],"curies":[{"name":"wp","href":"https:\/\/api.w.org\/{rel}","templated":true}]}}