{"id":45548,"date":"2022-09-07T14:06:14","date_gmt":"2022-09-07T19:06:14","guid":{"rendered":"https:\/\/www.zonaroja.com.mx\/?p=45548"},"modified":"2022-09-07T14:06:16","modified_gmt":"2022-09-07T19:06:16","slug":"por-inoperancia-de-segego-cumple-6-dias-retencion-de-10-pobladores-en-la-cuenca","status":"publish","type":"post","link":"https:\/\/zonaroja.com.mx\/?p=45548","title":{"rendered":"Por inoperancia de Segego, cumple 6 d\u00edas retenci\u00f3n de 10 pobladores en la Cuenca"},"content":{"rendered":"\n<p>Yuridiana Sosa\/ Zona Roja.<\/p>\n\n\n\n<p>Oaxaca de Ju\u00e1rez, Oax., a 7 de septiembre de 2022.- Comuneros de San Pedro Ozumac\u00edn, de Ayotzintepec, mantienen retenidos por sexto d\u00eda a 10 habitantes de Santiago Progreso, de Valle Nacional, en la regi\u00f3n de la Cuenca, sin que la Secretar\u00eda General de Gobierno act\u00faa para recuperar a las v\u00edctimas, quienes est\u00e1n sin alimento.<\/p>\n\n\n\n<p>Los habitantes de Uzumac\u00edn, poblaci\u00f3n vecina de Santiago Progreso, encarcelaron a 10 personas, tres de ellos adultos mayores, presuntamente por inconformidad sobre acuerdos por la zona agraria, sin embargo, no existe informaci\u00f3n certera del motivo que orill\u00f3 a la privaci\u00f3n ilegal de su libertad.<\/p>\n\n\n\n<p>Aunque ambas comunidades pertenecen a diferentes municipios, integran una misma zona agraria, pero en la que no existen antecedentes de estos hechos entre ambas poblaciones.<\/p>\n\n\n\n<p>Para exigir la libertad de los retenidos, representantes de la poblaci\u00f3n han realizado manifestaciones y bloqueos en la Cuenca, sin que la Segego ni otras autoridades intervengan, denunci\u00f3 en conferencia de prensa desde la capital del estado, Constantino Santiago Cruz, representante de Santiago Progreso.&nbsp;<\/p>\n\n\n\n<p>Luego de casi una semana de los hechos, familiares de las v\u00edctimas y pobladores se trasladaron a la capital oaxaque\u00f1a para denunciar la omisi\u00f3n ante el caso y demandar la inmediata soluci\u00f3n ante el riesgo en la integridad de los retenidos, a quienes les niegan alimentos, de acuerdo a lo que han logrado indagar.<\/p>\n\n\n\n<p>Tambi\u00e9n presentaron en la Vicefiscal\u00eda de la Cuenca, con sede en Tuxtepec, una denuncia por secuestro, pero no existen avances en el caso.<\/p>\n\n\n\n<p>Desde el pasado 2 de septiembre cuando se registr\u00f3 el hecho, perdieron comunicaci\u00f3n con las personas, pues existe la amenaza de retener a pobladores de Santiago Progreso Valle que intenten visitar a los retenidos.<\/p>\n\n\n\n<p>Las v\u00edctimas fueron encarceladas luego de asistir a una reuni\u00f3n convocada por el Comisariado Ejidal de San Pedro Ozumac\u00edn y del Comit\u00e9 de Vigilancia.<\/p>\n\n\n\n<p>Los afectados son Emilio Guatemala Pacheco, Raymundo Moreno Guatemala, Carlos Moreno Guatemala, Floriberto Moreno Guatemala, Felipe de Jesus Guatemala Ayala, Filogonio Mendez de la Cruz, Juan Carlos Ventura M\u00e9ndez, Santiago Guatemala Pacheco, Bernardo Pacheco L\u00f3pez y Francisco Javier M\u00e9ndez Moreno, de quienes se tema por su salud.&nbsp;<\/p>\n\n\n\n<p>En Tuxtepec, la delegaci\u00f3n de Atenci\u00f3n Regional de la Segego ha convocado a ambas partes a una mesa de di\u00e1logo, pero la comunidad de San Pedro Ozumac\u00edn no se ha presentado y se ha limitado en indicar que sus vecinos rompieron algunos acuerdo, por lo que ser\u00e1 la asamblea la que decida el momento de su liberaci\u00f3n. <\/p>\n\n\n\n<figure class=\"wp-block-embed\"><div class=\"wp-block-embed__wrapper\">\n<div class=\"twitter-tweet\"><blockquote class=\"twitter-tweet\" data-lang=\"es\"><p lang=\"es\" dir=\"ltr\"><a href=\"https:\/\/twitter.com\/hashtag\/%C3%9AltimoMinuto?src=hash&amp;ref_src=twsrc%5Etfw\">#\u00daltimoMinuto<\/a> <br>En la capital de Oaxaca, habitantes de Santiago Progreso, Valle Nacional, denuncian que a casi una semana, contin\u00faa la retenci\u00f3n de 10 pobladores, en la comunidad de San Pedro Ozumac\u00edn.<br>Exigen intervenci\u00f3n ya de la <a href=\"https:\/\/twitter.com\/SEGEGO_GobOax?ref_src=twsrc%5Etfw\">@SEGEGO_GobOax<\/a>. <a href=\"https:\/\/t.co\/uB88Qdp4K3\">pic.twitter.com\/uB88Qdp4K3<\/a><\/p>&mdash; Zona Roja Oaxaca (@ZonaRoja_Oaxaca) <a href=\"https:\/\/twitter.com\/ZonaRoja_Oaxaca\/status\/1567559310829551617?ref_src=twsrc%5Etfw\">7 de septiembre de 2022<\/a><\/blockquote><\/div>\n<\/div><\/figure>\n","protected":false},"excerpt":{"rendered":"<p>Yuridiana Sosa\/ Zona Roja. Oaxaca de Ju\u00e1rez, Oax., a 7 de septiembre de 2022.- Comuneros&hellip;<\/p>\n","protected":false},"author":2,"featured_media":45547,"comment_status":"closed","ping_status":"open","sticky":false,"template":"","format":"standard","meta":{"_lmt_disableupdate":"","_lmt_disable":"","_jetpack_memberships_contains_paid_content":false,"footnotes":""},"categories":[109,47],"tags":[],"class_list":["post-45548","post","type-post","status-publish","format-standard","has-post-thumbnail","hentry","category-minuto-a-minuto","category-zona-gris"],"jetpack_featured_media_url":"https:\/\/zonaroja.com.mx\/wp-content\/uploads\/2022\/09\/3df98098-34d5-4e58-87b0-d0223bc52bce.jpg","jetpack_sharing_enabled":true,"_links":{"self":[{"href":"https:\/\/zonaroja.com.mx\/index.php?rest_route=\/wp\/v2\/posts\/45548","targetHints":{"allow":["GET"]}}],"collection":[{"href":"https:\/\/zonaroja.com.mx\/index.php?rest_route=\/wp\/v2\/posts"}],"about":[{"href":"https:\/\/zonaroja.com.mx\/index.php?rest_route=\/wp\/v2\/types\/post"}],"author":[{"embeddable":true,"href":"https:\/\/zonaroja.com.mx\/index.php?rest_route=\/wp\/v2\/users\/2"}],"replies":[{"embeddable":true,"href":"https:\/\/zonaroja.com.mx\/index.php?rest_route=%2Fwp%2Fv2%2Fcomments&post=45548"}],"version-history":[{"count":1,"href":"https:\/\/zonaroja.com.mx\/index.php?rest_route=\/wp\/v2\/posts\/45548\/revisions"}],"predecessor-version":[{"id":45549,"href":"https:\/\/zonaroja.com.mx\/index.php?rest_route=\/wp\/v2\/posts\/45548\/revisions\/45549"}],"wp:featuredmedia":[{"embeddable":true,"href":"https:\/\/zonaroja.com.mx\/index.php?rest_route=\/wp\/v2\/media\/45547"}],"wp:attachment":[{"href":"https:\/\/zonaroja.com.mx\/index.php?rest_route=%2Fwp%2Fv2%2Fmedia&parent=45548"}],"wp:term":[{"taxonomy":"category","embeddable":true,"href":"https:\/\/zonaroja.com.mx\/index.php?rest_route=%2Fwp%2Fv2%2Fcategories&post=45548"},{"taxonomy":"post_tag","embeddable":true,"href":"https:\/\/zonaroja.com.mx\/index.php?rest_route=%2Fwp%2Fv2%2Ftags&post=45548"}],"curies":[{"name":"wp","href":"https:\/\/api.w.org\/{rel}","templated":true}]}}