{"id":45550,"date":"2022-09-07T20:24:42","date_gmt":"2022-09-08T01:24:42","guid":{"rendered":"http:\/\/www.zonaroja.com.mx\/?p=45550"},"modified":"2022-09-07T20:24:44","modified_gmt":"2022-09-08T01:24:44","slug":"mas-de-4-mil-personas-han-desaparecido-en-oaxaca-comision-de-busqueda","status":"publish","type":"post","link":"https:\/\/zonaroja.com.mx\/?p=45550","title":{"rendered":"M\u00e1s de 4 mil personas han desaparecido en Oaxaca: Comisi\u00f3n de B\u00fasqueda"},"content":{"rendered":"\n<p>Yuridiana Sosa\/ Zona Roja.&nbsp;<\/p>\n\n\n\n<p>Oaxaca de Ju\u00e1rez, Oax., a 7 de septiembre de 2022.- El territorio oaxaque\u00f1o ha sido escenario para la desaparici\u00f3n de m\u00e1s de cuatro mil personas, de quienes sus familias no volvieron a saber de ellos, los siguen esperando o buscando, se\u00f1al\u00f3 la Comisi\u00f3n Estatal de B\u00fasqueda de Personas Desaparecidas en Oaxaca.<\/p>\n\n\n\n<p>Durante una protesta pac\u00edfica en la Alameda de Le\u00f3n, para llamar a las familias v\u00edctimas de este hecho a denunciar antes de las 72 horas de no localizar a un familiar, integrantes de la Comisi\u00f3n de B\u00fasqueda reconocieron el rezago, pero tambi\u00e9n resaltaron la colaboraci\u00f3n actualmente de la Fiscal\u00eda General de Oaxaca para agilizar las indagatorias.<\/p>\n\n\n\n<p>La titular de este organismo, Edilberta Cruz Regino, contrast\u00f3 las acciones de la Comisi\u00f3n respecto a las denuncias que realizaron familiares de desaparecidos en d\u00edas anteriores sobre nulos avances e insatisfacci\u00f3n con su labor.&nbsp;<\/p>\n\n\n\n<p>Apunt\u00f3 que en seis meses se realizaron acciones de b\u00fasqueda para unas 90 personas, de las que 38 fueron localizadas con vida, las cuales, agreg\u00f3, se han logrado por el trabajo y comunicaci\u00f3n coordinada que se realiza con diferentes instancias de seguridad, desde la Fiscal\u00eda General del Estado de Oaxaca (FGEO), Secretar\u00eda de la Defensa Nacional (Sedena) y la Guardia Nacional.\u00a0<\/p>\n\n\n\n<p>Destac\u00f3 que hasta el momento en Oaxaca no se han enfrentado a complicaciones que vive familias al norte del pa\u00eds respecto a recibir amenazas del crimen organizado o por situaciones similares que traten de impedir la b\u00fasqueda de sus seres queridos.<\/p>\n\n\n\n<p>La presencia de la Comisi\u00f3n Estatal de B\u00fasqueda de Personas Desaparecidas en Oaxaca sobresali\u00f3 en la plaza p\u00fablica por la colocaci\u00f3n de lona con las fichas de b\u00fasqueda impresa de las cientos de personas que no han vuelto a casa. &nbsp;<\/p>\n","protected":false},"excerpt":{"rendered":"<p>Yuridiana Sosa\/ Zona Roja.&nbsp; Oaxaca de Ju\u00e1rez, Oax., a 7 de septiembre de 2022.- El&hellip;<\/p>\n","protected":false},"author":2,"featured_media":45551,"comment_status":"closed","ping_status":"open","sticky":false,"template":"","format":"standard","meta":{"_lmt_disableupdate":"","_lmt_disable":"","_jetpack_memberships_contains_paid_content":false,"footnotes":""},"categories":[109,47],"tags":[2756],"class_list":["post-45550","post","type-post","status-publish","format-standard","has-post-thumbnail","hentry","category-minuto-a-minuto","category-zona-gris","tag-edilberta-cruz-regino"],"jetpack_featured_media_url":"https:\/\/zonaroja.com.mx\/wp-content\/uploads\/2022\/09\/Cruz-Regino-Comision-Busqueda-de-Personas.jpg","jetpack_sharing_enabled":true,"_links":{"self":[{"href":"https:\/\/zonaroja.com.mx\/index.php?rest_route=\/wp\/v2\/posts\/45550","targetHints":{"allow":["GET"]}}],"collection":[{"href":"https:\/\/zonaroja.com.mx\/index.php?rest_route=\/wp\/v2\/posts"}],"about":[{"href":"https:\/\/zonaroja.com.mx\/index.php?rest_route=\/wp\/v2\/types\/post"}],"author":[{"embeddable":true,"href":"https:\/\/zonaroja.com.mx\/index.php?rest_route=\/wp\/v2\/users\/2"}],"replies":[{"embeddable":true,"href":"https:\/\/zonaroja.com.mx\/index.php?rest_route=%2Fwp%2Fv2%2Fcomments&post=45550"}],"version-history":[{"count":1,"href":"https:\/\/zonaroja.com.mx\/index.php?rest_route=\/wp\/v2\/posts\/45550\/revisions"}],"predecessor-version":[{"id":45552,"href":"https:\/\/zonaroja.com.mx\/index.php?rest_route=\/wp\/v2\/posts\/45550\/revisions\/45552"}],"wp:featuredmedia":[{"embeddable":true,"href":"https:\/\/zonaroja.com.mx\/index.php?rest_route=\/wp\/v2\/media\/45551"}],"wp:attachment":[{"href":"https:\/\/zonaroja.com.mx\/index.php?rest_route=%2Fwp%2Fv2%2Fmedia&parent=45550"}],"wp:term":[{"taxonomy":"category","embeddable":true,"href":"https:\/\/zonaroja.com.mx\/index.php?rest_route=%2Fwp%2Fv2%2Fcategories&post=45550"},{"taxonomy":"post_tag","embeddable":true,"href":"https:\/\/zonaroja.com.mx\/index.php?rest_route=%2Fwp%2Fv2%2Ftags&post=45550"}],"curies":[{"name":"wp","href":"https:\/\/api.w.org\/{rel}","templated":true}]}}