{"id":45556,"date":"2022-09-07T22:22:53","date_gmt":"2022-09-08T03:22:53","guid":{"rendered":"http:\/\/www.zonaroja.com.mx\/?p=45556"},"modified":"2022-09-07T22:22:55","modified_gmt":"2022-09-08T03:22:55","slug":"caso-de-tiradero-en-rio-atoyac-en-la-capital-llega-a-congreso-de-oaxaca","status":"publish","type":"post","link":"https:\/\/zonaroja.com.mx\/?p=45556","title":{"rendered":"Caso de tiradero en r\u00edo \u201cAtoyac\u201d en la capital llega a Congreso de Oaxaca"},"content":{"rendered":"\n<p>Yuridiana Sosa\/Zona Roja.<\/p>\n\n\n\n<p>Oaxaca de Ju\u00e1rez, Oax., a 7 de septiembre de 2022.- La 64 Legislatura del Congreso del Estado aprob\u00f3 un exhorto para que la autoridad municipal de Oaxaca de Ju\u00e1rez y la Procuradur\u00eda de Protecci\u00f3n al Ambiente de Oaxaca den fin al tiradero que se ha formado en la ribera del r\u00edo \u201cAyotac\u201d en la capital del estado.&nbsp;<\/p>\n\n\n\n<p>Desde la tribuna, el diputado de Morena, C\u00e9sar Mateos Ben\u00edtez, present\u00f3 la propuesta -respaldada por im\u00e1genes del nuevo tiradero a cielo abierto en inmediaciones de la Central de Abasto-, la cual fue avalada con 29 votos a favor.<\/p>\n\n\n\n<p>El diputado critic\u00f3 la omisi\u00f3n de la Procuradur\u00eda de Protecci\u00f3n al Ambiente de Oaxaca creada supuestamente para investigar y sancionar actos contra el medio ambiente en la entidad.<\/p>\n\n\n\n<p>Por el contrario, su titular Jos\u00e9 Ernesto Ruiz L\u00f3pez ha tratado de evadir responsabilidad en un problema evidente, a la vista de todos, se\u00f1al\u00f3.<\/p>\n\n\n\n<p>C\u00e9sar Mateos record\u00f3 que mientras colectivos sociales han ganado amparos para el rescate del r\u00edo \u201cAtoyac\u201d, las autoridades estatales y municipales con su irresponsabilidad hacen todo lo contrario para contaminarlo.<\/p>\n\n\n\n<p>Por lo que enfatiz\u00f3 en la responsabilidad del ayuntamiento de Oaxaca de Ju\u00e1rez a cargo de Francisco Mart\u00ednez Neri, en el destino final de los desechos que genera su municipio y en ese caso permitiendo a los recolectores&nbsp;particulares depositar la basura a un costado del afluente, as\u00ed como es negligente al tomar medida preventivas por la saturaci\u00f3n y culminaci\u00f3n de la vida \u00fatil del basurero que se ubica en Villa de Zaachila.<\/p>\n\n\n\n<p>En ese sentido, consider\u00f3 urgente que la capital tambi\u00e9n agilice acciones para contar con un lugar alterno como nuevo basurero municipal, antes que toda esa basura se deposite naturalmente sobre el r\u00edo.<\/p>\n\n\n\n<p>Desde hace m\u00e1s de dos semanas, el dep\u00f3sito en la ribera del r\u00edo\u00a0\u201cAyotac\u201d\u00a0crece de forma descontrolada, a la vista de todos y sin la intervenci\u00f3n de ninguna autoridad.\u00a0<\/p>\n\n\n\n<figure class=\"wp-block-embed is-type-rich is-provider-twitter wp-block-embed-twitter\"><div class=\"wp-block-embed__wrapper\">\n<div class=\"twitter-tweet\"><blockquote class=\"twitter-tweet\" data-lang=\"es\"><p lang=\"es\" dir=\"ltr\"><a href=\"https:\/\/twitter.com\/hashtag\/%C3%9AltimoMinuto?src=hash&amp;ref_src=twsrc%5Etfw\">#\u00daltimoMinuto<\/a><br>Problem\u00e1tica de basura en riberas del r\u00edo \u201cAtoyac\u201d lleg\u00f3 al <a href=\"https:\/\/twitter.com\/CongresoOaxaca_?ref_src=twsrc%5Etfw\">@CongresoOaxaca_<\/a>.<br>Diputado <a href=\"https:\/\/twitter.com\/cesarmateos_oax?ref_src=twsrc%5Etfw\">@cesarmateos_oax<\/a> present\u00f3 un exhorto a <a href=\"https:\/\/twitter.com\/PROPAEO_OAX?ref_src=twsrc%5Etfw\">@PROPAEO_OAX<\/a>, para que asuma su responsabilidad.<br>Por distracci\u00f3n de la presidenta de la Mesa, <a href=\"https:\/\/twitter.com\/marianabenitezt?ref_src=twsrc%5Etfw\">@marianabenitezt<\/a>, por poco y no lo aprueban. <a href=\"https:\/\/t.co\/jFIkCUwWBR\">pic.twitter.com\/jFIkCUwWBR<\/a><\/p>&mdash; Zona Roja Oaxaca (@ZonaRoja_Oaxaca) <a href=\"https:\/\/twitter.com\/ZonaRoja_Oaxaca\/status\/1567655009986150402?ref_src=twsrc%5Etfw\">7 de septiembre de 2022<\/a><\/blockquote><\/div>\n<\/div><\/figure>\n","protected":false},"excerpt":{"rendered":"<p>Yuridiana Sosa\/Zona Roja. Oaxaca de Ju\u00e1rez, Oax., a 7 de septiembre de 2022.- La 64&hellip;<\/p>\n","protected":false},"author":2,"featured_media":45557,"comment_status":"closed","ping_status":"open","sticky":false,"template":"","format":"standard","meta":{"_lmt_disableupdate":"","_lmt_disable":"","_jetpack_memberships_contains_paid_content":false,"footnotes":""},"categories":[109,46],"tags":[148],"class_list":["post-45556","post","type-post","status-publish","format-standard","has-post-thumbnail","hentry","category-minuto-a-minuto","category-zona-blanca","tag-oaxaca-de-juarez"],"jetpack_featured_media_url":"https:\/\/zonaroja.com.mx\/wp-content\/uploads\/2022\/09\/Votaciones-Congreso-de-Oaxaca.jpg","jetpack_sharing_enabled":true,"_links":{"self":[{"href":"https:\/\/zonaroja.com.mx\/index.php?rest_route=\/wp\/v2\/posts\/45556","targetHints":{"allow":["GET"]}}],"collection":[{"href":"https:\/\/zonaroja.com.mx\/index.php?rest_route=\/wp\/v2\/posts"}],"about":[{"href":"https:\/\/zonaroja.com.mx\/index.php?rest_route=\/wp\/v2\/types\/post"}],"author":[{"embeddable":true,"href":"https:\/\/zonaroja.com.mx\/index.php?rest_route=\/wp\/v2\/users\/2"}],"replies":[{"embeddable":true,"href":"https:\/\/zonaroja.com.mx\/index.php?rest_route=%2Fwp%2Fv2%2Fcomments&post=45556"}],"version-history":[{"count":1,"href":"https:\/\/zonaroja.com.mx\/index.php?rest_route=\/wp\/v2\/posts\/45556\/revisions"}],"predecessor-version":[{"id":45558,"href":"https:\/\/zonaroja.com.mx\/index.php?rest_route=\/wp\/v2\/posts\/45556\/revisions\/45558"}],"wp:featuredmedia":[{"embeddable":true,"href":"https:\/\/zonaroja.com.mx\/index.php?rest_route=\/wp\/v2\/media\/45557"}],"wp:attachment":[{"href":"https:\/\/zonaroja.com.mx\/index.php?rest_route=%2Fwp%2Fv2%2Fmedia&parent=45556"}],"wp:term":[{"taxonomy":"category","embeddable":true,"href":"https:\/\/zonaroja.com.mx\/index.php?rest_route=%2Fwp%2Fv2%2Fcategories&post=45556"},{"taxonomy":"post_tag","embeddable":true,"href":"https:\/\/zonaroja.com.mx\/index.php?rest_route=%2Fwp%2Fv2%2Ftags&post=45556"}],"curies":[{"name":"wp","href":"https:\/\/api.w.org\/{rel}","templated":true}]}}