{"id":45562,"date":"2022-09-08T07:01:59","date_gmt":"2022-09-08T12:01:59","guid":{"rendered":"http:\/\/www.zonaroja.com.mx\/?p=45562"},"modified":"2022-09-08T07:02:00","modified_gmt":"2022-09-08T12:02:00","slug":"atiende-fiscalia-de-oaxaca-a-la-comunidad-lgbti-en-el-istmo","status":"publish","type":"post","link":"https:\/\/zonaroja.com.mx\/?p=45562","title":{"rendered":"Atiende Fiscal\u00eda de Oaxaca a la comunidad LGBTI+ en el Istmo"},"content":{"rendered":"\n<p>Redacci\u00f3n\/Zona Roja.<\/p>\n\n\n\n<p>Oaxaca de Ju\u00e1rez, Oax., a 8 de septiembre de 2022.- Como parte de las acciones&nbsp; y el compromiso de construir una instituci\u00f3n eficiente, profesional y cercana a la ciudadan\u00eda, el fiscal General del Estado de Oaxaca, Arturo de Jes\u00fas Peimbert Calvo, sostuvo una reuni\u00f3n con defensores y activistas de la Comunidad Muxe as\u00ed como L\u00e9sbico, Gay, Bisexual, Transg\u00e9nero, Transexual, Travesti e Intersexual (LGBTTTI) en la regi\u00f3n de Istmo.<\/p>\n\n\n\n<p>En el encuentro se refrend\u00f3 el compromiso en conjunto de sumar esfuerzos&nbsp; y&nbsp; hacer frente a la violencia contra de la referida comunidad y as\u00ed&nbsp; redoblar acciones que permitan disminuirla y erradicarla.<\/p>\n\n\n\n<p>El fiscal expuso que el objetivo es construir una agenda de trabajo y reforzar los lazos de colaboraci\u00f3n con organizaciones de la sociedad civil, a fin de emprender acciones en conjunto para enfrentar y erradicar la violencia en contra de este importante sector.<\/p>\n\n\n\n<p>En este marco, Peimbert Calvo se comprometi\u00f3 a implementar un nuevo modelo de procuraci\u00f3n de justicia y construir un protocolo de actuaci\u00f3n eficiente, con perspectiva sociocultural y contextual de la regi\u00f3n y as\u00ed atender las necesidades particulares de la Comunidad LGBTTTI.<\/p>\n\n\n\n<p>Asimismo, detall\u00f3 que para la instituci\u00f3n es prioritario atender y hacer frente a los delitos, principalmente a aquellos que vulneran los derechos humanos de este sector, por lo anterior, se\u00f1al\u00f3 que se realizar\u00e1 un informe \u201cde m\u00e1s de 30 casos en los que se han ejercido violencia en contra de la referida comunidad y as\u00ed dar a conocer la situaci\u00f3n que guardan estas carpetas de investigaci\u00f3n\u201d, puntualiz\u00f3 el Fiscal General.<\/p>\n\n\n\n<p>En este evento estuvieron presentes la Vicefiscal Regional del Istmo, Liliana del Carmen Baroja Mart\u00ednez; la Coordinadora Regional del Proyecto Transform\u00e1ndome Mexfam-Arcus, Amaranta G\u00f3mez Regalado; la Presidenta de la Sociedad de las Aut\u00e9nticas Intr\u00e9pidas Buscadoras del Peligro, Felina Santiago Valdivieso; el activista social, Humberto L\u00f3pez G\u00f3mez; la luchadora social&nbsp; y defensora de DDHH y de la Diversidad Sexual&nbsp; en Santa Mar\u00eda Mixtequilla, Paloma S\u00e1nchez Castillo, entre otros.<\/p>\n","protected":false},"excerpt":{"rendered":"<p>Redacci\u00f3n\/Zona Roja. Oaxaca de Ju\u00e1rez, Oax., a 8 de septiembre de 2022.- Como parte de&hellip;<\/p>\n","protected":false},"author":2,"featured_media":45563,"comment_status":"closed","ping_status":"open","sticky":false,"template":"","format":"standard","meta":{"_lmt_disableupdate":"","_lmt_disable":"","_jetpack_memberships_contains_paid_content":false,"footnotes":""},"categories":[109,46],"tags":[494],"class_list":["post-45562","post","type-post","status-publish","format-standard","has-post-thumbnail","hentry","category-minuto-a-minuto","category-zona-blanca","tag-fiscalia-general-del-estado-de-oaxaca"],"jetpack_featured_media_url":"https:\/\/zonaroja.com.mx\/wp-content\/uploads\/2022\/09\/Reunion-fiscal-con-comunidad-Muxe-istmo.jpg","jetpack_sharing_enabled":true,"_links":{"self":[{"href":"https:\/\/zonaroja.com.mx\/index.php?rest_route=\/wp\/v2\/posts\/45562","targetHints":{"allow":["GET"]}}],"collection":[{"href":"https:\/\/zonaroja.com.mx\/index.php?rest_route=\/wp\/v2\/posts"}],"about":[{"href":"https:\/\/zonaroja.com.mx\/index.php?rest_route=\/wp\/v2\/types\/post"}],"author":[{"embeddable":true,"href":"https:\/\/zonaroja.com.mx\/index.php?rest_route=\/wp\/v2\/users\/2"}],"replies":[{"embeddable":true,"href":"https:\/\/zonaroja.com.mx\/index.php?rest_route=%2Fwp%2Fv2%2Fcomments&post=45562"}],"version-history":[{"count":1,"href":"https:\/\/zonaroja.com.mx\/index.php?rest_route=\/wp\/v2\/posts\/45562\/revisions"}],"predecessor-version":[{"id":45564,"href":"https:\/\/zonaroja.com.mx\/index.php?rest_route=\/wp\/v2\/posts\/45562\/revisions\/45564"}],"wp:featuredmedia":[{"embeddable":true,"href":"https:\/\/zonaroja.com.mx\/index.php?rest_route=\/wp\/v2\/media\/45563"}],"wp:attachment":[{"href":"https:\/\/zonaroja.com.mx\/index.php?rest_route=%2Fwp%2Fv2%2Fmedia&parent=45562"}],"wp:term":[{"taxonomy":"category","embeddable":true,"href":"https:\/\/zonaroja.com.mx\/index.php?rest_route=%2Fwp%2Fv2%2Fcategories&post=45562"},{"taxonomy":"post_tag","embeddable":true,"href":"https:\/\/zonaroja.com.mx\/index.php?rest_route=%2Fwp%2Fv2%2Ftags&post=45562"}],"curies":[{"name":"wp","href":"https:\/\/api.w.org\/{rel}","templated":true}]}}