{"id":45569,"date":"2022-09-08T09:41:00","date_gmt":"2022-09-08T14:41:00","guid":{"rendered":"http:\/\/www.zonaroja.com.mx\/?p=45569"},"modified":"2022-09-08T07:56:53","modified_gmt":"2022-09-08T12:56:53","slug":"tras-cateo-de-fiscalia-hallan-osamenta-en-san-francisco-ixhuatan","status":"publish","type":"post","link":"https:\/\/zonaroja.com.mx\/?p=45569","title":{"rendered":"Tras cateo de Fiscal\u00eda, hallan osamenta en San Francisco Ixhuat\u00e1n"},"content":{"rendered":"\n<p>Redacci\u00f3n\/Zona Roja. Foto: Ilustraci\u00f3n<\/p>\n\n\n\n<p>Oaxaca de Ju\u00e1rez, Oax., a 8 de septiembre de 2022.- Tras un cateo, personal de la Fiscal\u00eda General del Estado de Oaxaca hall\u00f3 restos humanos en un domicilio en San Francisco Ixhuat\u00e1n.&nbsp;<\/p>\n\n\n\n<p>En ese municipio se han registrado diversos homicidios, incluyendo personas calcinadas, y donde se presume que opera una banda del crimen organizado conocido como \u201cLos Tapaneros\u201d.<\/p>\n\n\n\n<p>La revisi\u00f3n se efectu\u00f3 el pasado 29 de agosto y el cuerpo localizado fue enviado al Instituto de Servicios Periciales de la Fiscal\u00eda, para su correspondiente identificaci\u00f3n.<\/p>\n\n\n\n<p>Se presume que podr\u00eda ser el cuerpo del joven N. D. V. D., quien se encuentra reportado como desaparecido y habr\u00eda sido plagiado y ultimado por la banda de \u201cLo Tapaneros\u201d, que lidera un individuo identificado como \u201cAl\u00ed\u201d, por quien la Fiscal\u00eda General del Estado ofrece una recompensa de medio mill\u00f3n de pesos.<\/p>\n\n\n\n<p>De acuerdo con la causa penal 313\/2020, el hecho ocurri\u00f3 el 21 de agosto del 2019 en la colonia L\u00e1zaro C\u00e1rdenas de San Francisco Ixhuat\u00e1n, Juchit\u00e1n.&nbsp;<\/p>\n\n\n\n<p>En las investigaciones realizadas por la familia y por la Agencia Estatal de Investigaciones (AEI) en la carpeta de investigaci\u00f3n n\u00famero: 29020\/FEDH\/FDTE\/2019, se logr\u00f3 establecer que los presuntos responsables de su desaparici\u00f3n fueron sujetos implicados en la banda de \u201cLos Tapaneros\u201d.<\/p>\n\n\n\n<p>Sobre el caso se encuentran detenidos Benigno B.E,, y Jes\u00fas A..G., de 47 a\u00f1os de edad conocido como T\u00edo Chu o Chumeca.<\/p>\n","protected":false},"excerpt":{"rendered":"<p>Redacci\u00f3n\/Zona Roja. Foto: Ilustraci\u00f3n Oaxaca de Ju\u00e1rez, Oax., a 8 de septiembre de 2022.- Tras&hellip;<\/p>\n","protected":false},"author":2,"featured_media":44454,"comment_status":"closed","ping_status":"open","sticky":false,"template":"","format":"standard","meta":{"_lmt_disableupdate":"","_lmt_disable":"","_jetpack_memberships_contains_paid_content":false,"footnotes":""},"categories":[109,46],"tags":[494],"class_list":["post-45569","post","type-post","status-publish","format-standard","has-post-thumbnail","hentry","category-minuto-a-minuto","category-zona-blanca","tag-fiscalia-general-del-estado-de-oaxaca"],"jetpack_featured_media_url":"https:\/\/zonaroja.com.mx\/wp-content\/uploads\/2022\/08\/AEI-Agencia-Estatal-de-Investigaciones.jpg","jetpack_sharing_enabled":true,"_links":{"self":[{"href":"https:\/\/zonaroja.com.mx\/index.php?rest_route=\/wp\/v2\/posts\/45569","targetHints":{"allow":["GET"]}}],"collection":[{"href":"https:\/\/zonaroja.com.mx\/index.php?rest_route=\/wp\/v2\/posts"}],"about":[{"href":"https:\/\/zonaroja.com.mx\/index.php?rest_route=\/wp\/v2\/types\/post"}],"author":[{"embeddable":true,"href":"https:\/\/zonaroja.com.mx\/index.php?rest_route=\/wp\/v2\/users\/2"}],"replies":[{"embeddable":true,"href":"https:\/\/zonaroja.com.mx\/index.php?rest_route=%2Fwp%2Fv2%2Fcomments&post=45569"}],"version-history":[{"count":1,"href":"https:\/\/zonaroja.com.mx\/index.php?rest_route=\/wp\/v2\/posts\/45569\/revisions"}],"predecessor-version":[{"id":45570,"href":"https:\/\/zonaroja.com.mx\/index.php?rest_route=\/wp\/v2\/posts\/45569\/revisions\/45570"}],"wp:featuredmedia":[{"embeddable":true,"href":"https:\/\/zonaroja.com.mx\/index.php?rest_route=\/wp\/v2\/media\/44454"}],"wp:attachment":[{"href":"https:\/\/zonaroja.com.mx\/index.php?rest_route=%2Fwp%2Fv2%2Fmedia&parent=45569"}],"wp:term":[{"taxonomy":"category","embeddable":true,"href":"https:\/\/zonaroja.com.mx\/index.php?rest_route=%2Fwp%2Fv2%2Fcategories&post=45569"},{"taxonomy":"post_tag","embeddable":true,"href":"https:\/\/zonaroja.com.mx\/index.php?rest_route=%2Fwp%2Fv2%2Ftags&post=45569"}],"curies":[{"name":"wp","href":"https:\/\/api.w.org\/{rel}","templated":true}]}}