{"id":45571,"date":"2022-09-08T08:17:51","date_gmt":"2022-09-08T13:17:51","guid":{"rendered":"http:\/\/www.zonaroja.com.mx\/?p=45571"},"modified":"2022-09-08T08:17:53","modified_gmt":"2022-09-08T13:17:53","slug":"reanuda-la-ubjo-las-actividades-culturales-presenciales","status":"publish","type":"post","link":"https:\/\/zonaroja.com.mx\/?p=45571","title":{"rendered":"Reanuda la UBJO las actividades culturales presenciales"},"content":{"rendered":"\n<p>Redacci\u00f3n\/Zona Roja.<\/p>\n\n\n\n<p>Oaxaca de Ju\u00e1rez, Oax., a 8 de septiembre de 2022.- Tras m\u00e1s de dos a\u00f1os de pandemia por Covid-19, la Universidad Aut\u00f3noma \u201cBenito Ju\u00e1rez\u201d de Oaxaca reanuda sus actividades presenciales tambi\u00e9n en materia cultural y art\u00edstica.<\/p>\n\n\n\n<p>Este viernes a las 12:00 horas, en la Direcci\u00f3n de Arte y Cultura ubicada en Ciudad Universitaria, se inaugura la exposici\u00f3n \u201cTriples Miradas\u201d.<\/p>\n\n\n\n<p>As\u00ed lo anunciaron en conferencia de prensa Sandra Zavaleta Herrera,&nbsp;secretaria de Vinculaci\u00f3n y&nbsp;eFlavio Morales Cruz, director de Arte y Cultura, as\u00ed como los expositores Fulgencio Lazo, Jorge L\u00f3pez y Ponciano Vargas.<\/p>\n\n\n\n<p>Los artistas expositores mencionaron que con orgullo fueron integrantes de&nbsp;la primera generaci\u00f3n que termino formalmente su carrera como artistas&nbsp;pl\u00e1sticos, ya que&nbsp;en a\u00f1os anteriores a 1985&nbsp;terminaban&nbsp;uno o dos&nbsp;en esta carrera, en la Escuela de Bellas Artes&nbsp;de la Universidad.<\/p>\n\n\n\n<p>As\u00ed mismo,&nbsp;se dio a conocer que han aportado con sus creaciones el enriquecimiento de la cultura pl\u00e1stica oaxaque\u00f1a a nivel, local, nacional e internacional.<\/p>\n\n\n\n<p>Los artistas pl\u00e1sticos mencionaron\u00a0tambi\u00e9n\u00a0que recuerdan y respetan al maestro\u00a0Shinzaburo\u00a0Takeda\u00a0ya que fue\u00a0de la mano de\u00a0\u00e9l\u00a0que les permiti\u00f3 abrirse campo en el mundo del arte.<\/p>\n\n\n\n<figure class=\"wp-block-embed is-type-rich is-provider-twitter wp-block-embed-twitter\"><div class=\"wp-block-embed__wrapper\">\n<div class=\"twitter-tweet\"><blockquote class=\"twitter-tweet\" data-lang=\"es\"><p lang=\"es\" dir=\"ltr\"><a href=\"https:\/\/twitter.com\/hashtag\/ENVIVO?src=hash&amp;ref_src=twsrc%5Etfw\">#ENVIVO<\/a><br>Oaxaca de Ju\u00e1rez, Oax., a 7 de septiembre de 2022.- Conferencia de prensa de la Direcci\u00f3n de Arte y Cultura de la UABJO para dar a conocer exposiciones y actividades.<br><br>Aqu\u00ed la transmisi\u00f3n: \ud83d\udc47<a href=\"https:\/\/t.co\/91kSIsLlsJ\">https:\/\/t.co\/91kSIsLlsJ<\/a> <a href=\"https:\/\/t.co\/1S2bhLN4rb\">pic.twitter.com\/1S2bhLN4rb<\/a><\/p>&mdash; Zona Roja Oaxaca (@ZonaRoja_Oaxaca) <a href=\"https:\/\/twitter.com\/ZonaRoja_Oaxaca\/status\/1567581007745880067?ref_src=twsrc%5Etfw\">7 de septiembre de 2022<\/a><\/blockquote><\/div>\n<\/div><\/figure>\n","protected":false},"excerpt":{"rendered":"<p>Redacci\u00f3n\/Zona Roja. Oaxaca de Ju\u00e1rez, Oax., a 8 de septiembre de 2022.- Tras m\u00e1s de&hellip;<\/p>\n","protected":false},"author":2,"featured_media":45572,"comment_status":"closed","ping_status":"open","sticky":false,"template":"","format":"standard","meta":{"_lmt_disableupdate":"","_lmt_disable":"","_jetpack_memberships_contains_paid_content":false,"footnotes":""},"categories":[109,46],"tags":[239],"class_list":["post-45571","post","type-post","status-publish","format-standard","has-post-thumbnail","hentry","category-minuto-a-minuto","category-zona-blanca","tag-uabjo"],"jetpack_featured_media_url":"https:\/\/zonaroja.com.mx\/wp-content\/uploads\/2022\/09\/Flavio-Morales-director-Arte.jpg","jetpack_sharing_enabled":true,"_links":{"self":[{"href":"https:\/\/zonaroja.com.mx\/index.php?rest_route=\/wp\/v2\/posts\/45571","targetHints":{"allow":["GET"]}}],"collection":[{"href":"https:\/\/zonaroja.com.mx\/index.php?rest_route=\/wp\/v2\/posts"}],"about":[{"href":"https:\/\/zonaroja.com.mx\/index.php?rest_route=\/wp\/v2\/types\/post"}],"author":[{"embeddable":true,"href":"https:\/\/zonaroja.com.mx\/index.php?rest_route=\/wp\/v2\/users\/2"}],"replies":[{"embeddable":true,"href":"https:\/\/zonaroja.com.mx\/index.php?rest_route=%2Fwp%2Fv2%2Fcomments&post=45571"}],"version-history":[{"count":1,"href":"https:\/\/zonaroja.com.mx\/index.php?rest_route=\/wp\/v2\/posts\/45571\/revisions"}],"predecessor-version":[{"id":45575,"href":"https:\/\/zonaroja.com.mx\/index.php?rest_route=\/wp\/v2\/posts\/45571\/revisions\/45575"}],"wp:featuredmedia":[{"embeddable":true,"href":"https:\/\/zonaroja.com.mx\/index.php?rest_route=\/wp\/v2\/media\/45572"}],"wp:attachment":[{"href":"https:\/\/zonaroja.com.mx\/index.php?rest_route=%2Fwp%2Fv2%2Fmedia&parent=45571"}],"wp:term":[{"taxonomy":"category","embeddable":true,"href":"https:\/\/zonaroja.com.mx\/index.php?rest_route=%2Fwp%2Fv2%2Fcategories&post=45571"},{"taxonomy":"post_tag","embeddable":true,"href":"https:\/\/zonaroja.com.mx\/index.php?rest_route=%2Fwp%2Fv2%2Ftags&post=45571"}],"curies":[{"name":"wp","href":"https:\/\/api.w.org\/{rel}","templated":true}]}}