{"id":45576,"date":"2022-09-08T08:26:49","date_gmt":"2022-09-08T13:26:49","guid":{"rendered":"http:\/\/www.zonaroja.com.mx\/?p=45576"},"modified":"2022-09-08T08:26:51","modified_gmt":"2022-09-08T13:26:51","slug":"suspenden-pan-y-prd-alianza-va-por-mexico-con-el-pri-tras-recular-alito","status":"publish","type":"post","link":"https:\/\/zonaroja.com.mx\/?p=45576","title":{"rendered":"Suspenden PAN y PRD alianza \u201cVa por M\u00e9xico\u201d con el PRI, tras recular \u201cAlito\u201d"},"content":{"rendered":"\n<p>Redacci\u00f3n\/Zona Roja Cdxm.<\/p>\n\n\n\n<p>Ciudad de M\u00e9xico, a 8 de septiembre de 2022.- Las dirigencias nacionales de los partidos Acci\u00f3n Nacional (PAN) y de las Revoluci\u00f3n Democr\u00e1tica (PRD) anunciaron la suspensi\u00f3n temporal de la coalici\u00f3n legislativa y electoral, \u201cVa por M\u00e9xico\u201d, \u201chasta en tanto el Revolucionario Institucional (PRI) no defina con claridad si habr\u00e1 de honrar la \u201cplataforma electoral com\u00fan\u201d, firmada en 2021 y la moratoria constitucional que de junio pasado.<\/p>\n\n\n\n<p>Esta decisi\u00f3n se da en respuesta a la propuesta de la diputada del tricolor Yolanda de la Torre, para que la participaci\u00f3n de las Fuerzas Armadas en tareas de seguridad p\u00fablica se extienda de cinco a nueve a\u00f1os y concluya en 2028.<\/p>\n\n\n\n<p>Marko Cort\u00e9s, l\u00edder nacional panista, y Jes\u00fas Zambrano, dirigente nacional perredista, hicieron un llamado a la dirigencia nacional tricolor y a sus legisladores para que, m\u00e1s all\u00e1 de coyunturas pol\u00edticas e incluso personales, asuman con total responsabilidad la \u201cdif\u00edcil situaci\u00f3n que se vive\u201d.<\/p>\n\n\n\n<p>Les pidieron privilegiar el inter\u00e9s superior de la Naci\u00f3n, \u201cexpresando con toda claridad su rotundo rechazo y votando en contra de que contin\u00fae la militarizaci\u00f3n del pa\u00eds\u201d.<\/p>\n\n\n\n<p>En un comunicado conjunto, ambos dirigentes partidistas, recordaron a los legisladores priistas y a su dirigente nacional, Alejandro Moreno, que la coalici\u00f3n legislativa Va por M\u00e9xico tiene el mandato popular de millones de mexicanos.<\/p>\n\n\n\n<p>\u201cNo se debe poner en riesgo la posibilidad de una alternativa electoral rumbo al 2024, lo cual ser\u00eda una enorme irresponsabilidad ante los ciudadanos y, m\u00e1s a\u00fan, ante las pr\u00f3ximas generaciones\u201d, advirtieron.<\/p>\n\n\n\n<p>El pasado 6 de septiembre, Marko Cort\u00e9s advirti\u00f3 que est\u00e1 en riesgo la coalici\u00f3n legislativa y electoral Va por M\u00e9xico, si PRI aprueba ampliar de cinco a nueve a\u00f1os el periodo en el que la Secretar\u00eda de la Defensa Nacional (Sedena) pueda realizar tareas de seguridad p\u00fablica.<\/p>\n\n\n\n<p>\u201cYo espero que corrijan, que retiren la iniciativa o que la voten en contra, porque de no hacerlo el PRI cargar\u00eda con la responsabilidad y tendr\u00eda que explicarla, de por qu\u00e9 no podr\u00eda continuar la coalici\u00f3n Va por M\u00e9xico ni en lo legislativo ni mucho menos en lo electoral\u201d, advirti\u00f3 el l\u00edder panista.<\/p>\n\n\n\n<p>Alejandro Moreno C\u00e1rdenas, dirigente del Revolucionario Institucional (PRI), respondi\u00f3 m\u00e1s tarde que su partido no recibe ultim\u00e1tum, ni acepta \u00f3rdenes ni de aliados ni de adversarios.<\/p>\n\n\n\n<p>\u201cSiempre vamos a construir, en unidad y convicci\u00f3n, por el bien de M\u00e9xico\u201d, se\u00f1al\u00f3 en redes sociales.<\/p>\n","protected":false},"excerpt":{"rendered":"<p>Redacci\u00f3n\/Zona Roja Cdxm. Ciudad de M\u00e9xico, a 8 de septiembre de 2022.- Las dirigencias nacionales&hellip;<\/p>\n","protected":false},"author":2,"featured_media":45577,"comment_status":"closed","ping_status":"open","sticky":false,"template":"","format":"standard","meta":{"_lmt_disableupdate":"","_lmt_disable":"","_jetpack_memberships_contains_paid_content":false,"footnotes":""},"categories":[109,46],"tags":[],"class_list":["post-45576","post","type-post","status-publish","format-standard","has-post-thumbnail","hentry","category-minuto-a-minuto","category-zona-blanca"],"jetpack_featured_media_url":"https:\/\/zonaroja.com.mx\/wp-content\/uploads\/2022\/09\/Alianza-Va-por-Mexico.jpeg","jetpack_sharing_enabled":true,"_links":{"self":[{"href":"https:\/\/zonaroja.com.mx\/index.php?rest_route=\/wp\/v2\/posts\/45576","targetHints":{"allow":["GET"]}}],"collection":[{"href":"https:\/\/zonaroja.com.mx\/index.php?rest_route=\/wp\/v2\/posts"}],"about":[{"href":"https:\/\/zonaroja.com.mx\/index.php?rest_route=\/wp\/v2\/types\/post"}],"author":[{"embeddable":true,"href":"https:\/\/zonaroja.com.mx\/index.php?rest_route=\/wp\/v2\/users\/2"}],"replies":[{"embeddable":true,"href":"https:\/\/zonaroja.com.mx\/index.php?rest_route=%2Fwp%2Fv2%2Fcomments&post=45576"}],"version-history":[{"count":1,"href":"https:\/\/zonaroja.com.mx\/index.php?rest_route=\/wp\/v2\/posts\/45576\/revisions"}],"predecessor-version":[{"id":45578,"href":"https:\/\/zonaroja.com.mx\/index.php?rest_route=\/wp\/v2\/posts\/45576\/revisions\/45578"}],"wp:featuredmedia":[{"embeddable":true,"href":"https:\/\/zonaroja.com.mx\/index.php?rest_route=\/wp\/v2\/media\/45577"}],"wp:attachment":[{"href":"https:\/\/zonaroja.com.mx\/index.php?rest_route=%2Fwp%2Fv2%2Fmedia&parent=45576"}],"wp:term":[{"taxonomy":"category","embeddable":true,"href":"https:\/\/zonaroja.com.mx\/index.php?rest_route=%2Fwp%2Fv2%2Fcategories&post=45576"},{"taxonomy":"post_tag","embeddable":true,"href":"https:\/\/zonaroja.com.mx\/index.php?rest_route=%2Fwp%2Fv2%2Ftags&post=45576"}],"curies":[{"name":"wp","href":"https:\/\/api.w.org\/{rel}","templated":true}]}}