{"id":45579,"date":"2022-09-08T09:33:00","date_gmt":"2022-09-08T14:33:00","guid":{"rendered":"http:\/\/www.zonaroja.com.mx\/?p=45579"},"modified":"2022-09-08T08:34:38","modified_gmt":"2022-09-08T13:34:38","slug":"arropa-sector-salud-de-la-cuenca-a-la-planilla-guinda-de-la-seccion-35","status":"publish","type":"post","link":"https:\/\/zonaroja.com.mx\/?p=45579","title":{"rendered":"Arropa sector salud de la Cuenca a la planilla \u201cGuinda\u201d de la Secci\u00f3n 35"},"content":{"rendered":"\n<p>Redacci\u00f3n\/Zona Roja.<\/p>\n\n\n\n<p>Oaxaca de Ju\u00e1rez, Oax., a 9 de septiembre de 2022.- Tras recorrer los centros de salud de la regi\u00f3n del Istmo de Tehuantepec, integrantes de la planilla \u201cGuinda\u201d que aspira a dirigir a la Secci\u00f3n 35 del Sindicato de Salud, fueron arropados en la Cuenca.<\/p>\n\n\n\n<p>Omar Jes\u00fas L\u00f3pez S\u00e1nchez agradeci\u00f3 en Mar\u00eda Lombardo de Caso la c\u00e1lida recepci\u00f3n de los trabajadores de base de los Servicios de Salud y agradeci\u00f3 de antemano el voto que le dar\u00e1n para lograr la secretar\u00eda general del gremio.<\/p>\n\n\n\n<p>En el Hospital Comunitario de Loma Bonita, cientos de trabajadores dieron tambi\u00e9n la bienvenida a la \u201cola guinda\u201d.<\/p>\n\n\n\n<p>Al interactuar con los agremiados, Omar Jes\u00fas L\u00f3pez expuso los cuatro ejes que contempla su proyecto de trabajo con la planilla \u201cGuinda\u201d, y la aceptaci\u00f3n a ello, se ve reflejada en el apoyo incondicional que se manifiesta por parte de los trabajadores del sector.<\/p>\n\n\n\n<p>Este jueves contin\u00faa el recorrido por centros de salud y hospitales de la Jurisdicci\u00f3n Tuxtepec y donde la mayor\u00eda de empleados de base refrendar\u00e1 su compromiso con la planilla \u201cGuinda\u201d para llevar al triunfo a Omar Jes\u00fas L\u00f3pez S\u00e1nchez como secretario General de la Secci\u00f3n 35 del Sindicato Nacional de Trabajadores de la Secretar\u00eda de Salud.<\/p>\n","protected":false},"excerpt":{"rendered":"<p>Redacci\u00f3n\/Zona Roja. Oaxaca de Ju\u00e1rez, Oax., a 9 de septiembre de 2022.- Tras recorrer los&hellip;<\/p>\n","protected":false},"author":2,"featured_media":45574,"comment_status":"closed","ping_status":"open","sticky":false,"template":"","format":"standard","meta":{"_lmt_disableupdate":"","_lmt_disable":"","_jetpack_memberships_contains_paid_content":false,"footnotes":""},"categories":[109,46],"tags":[3242],"class_list":["post-45579","post","type-post","status-publish","format-standard","has-post-thumbnail","hentry","category-minuto-a-minuto","category-zona-blanca","tag-omar-lopez-sanchez"],"jetpack_featured_media_url":"https:\/\/zonaroja.com.mx\/wp-content\/uploads\/2022\/09\/Omar-Jesus-Lopez-Cuenca-Salud.jpg","jetpack_sharing_enabled":true,"_links":{"self":[{"href":"https:\/\/zonaroja.com.mx\/index.php?rest_route=\/wp\/v2\/posts\/45579","targetHints":{"allow":["GET"]}}],"collection":[{"href":"https:\/\/zonaroja.com.mx\/index.php?rest_route=\/wp\/v2\/posts"}],"about":[{"href":"https:\/\/zonaroja.com.mx\/index.php?rest_route=\/wp\/v2\/types\/post"}],"author":[{"embeddable":true,"href":"https:\/\/zonaroja.com.mx\/index.php?rest_route=\/wp\/v2\/users\/2"}],"replies":[{"embeddable":true,"href":"https:\/\/zonaroja.com.mx\/index.php?rest_route=%2Fwp%2Fv2%2Fcomments&post=45579"}],"version-history":[{"count":1,"href":"https:\/\/zonaroja.com.mx\/index.php?rest_route=\/wp\/v2\/posts\/45579\/revisions"}],"predecessor-version":[{"id":45580,"href":"https:\/\/zonaroja.com.mx\/index.php?rest_route=\/wp\/v2\/posts\/45579\/revisions\/45580"}],"wp:featuredmedia":[{"embeddable":true,"href":"https:\/\/zonaroja.com.mx\/index.php?rest_route=\/wp\/v2\/media\/45574"}],"wp:attachment":[{"href":"https:\/\/zonaroja.com.mx\/index.php?rest_route=%2Fwp%2Fv2%2Fmedia&parent=45579"}],"wp:term":[{"taxonomy":"category","embeddable":true,"href":"https:\/\/zonaroja.com.mx\/index.php?rest_route=%2Fwp%2Fv2%2Fcategories&post=45579"},{"taxonomy":"post_tag","embeddable":true,"href":"https:\/\/zonaroja.com.mx\/index.php?rest_route=%2Fwp%2Fv2%2Ftags&post=45579"}],"curies":[{"name":"wp","href":"https:\/\/api.w.org\/{rel}","templated":true}]}}