{"id":45583,"date":"2022-09-08T18:51:58","date_gmt":"2022-09-08T23:51:58","guid":{"rendered":"http:\/\/www.zonaroja.com.mx\/?p=45583"},"modified":"2022-09-08T18:52:01","modified_gmt":"2022-09-08T23:52:01","slug":"caos-ante-ingobernabilidad-en-oaxaca-caos-por-bloqueos-y-manifestaciones","status":"publish","type":"post","link":"https:\/\/zonaroja.com.mx\/?p=45583","title":{"rendered":"Caos ante ingobernabilidad en Oaxaca; caos por bloqueos y manifestaciones"},"content":{"rendered":"\n<p>Yuridiana Sosa\/ Zona Roja.<\/p>\n\n\n\n<p>Oaxaca de Ju\u00e1rez, Oax., 08 de septiembre de 2022.- La semana en Oaxaca va cerrando como inici\u00f3: con protestas y bloqueos en diferentes puntos de la entidad y por distintos sectores.<\/p>\n\n\n\n<p>Desde las primeras horas de este jueves, organizaciones sociales, trabajadores de dependencias federales y la Secci\u00f3n 22 del Sindicato Nacional de Trabajadores de la Educaci\u00f3n (SNTE) se movilizaron en la capital, mientras que en la Sierra Sur, el bloqueo de hace tres d\u00edas, se intensific\u00f3.<\/p>\n\n\n\n<p>LOS DOCENTES<\/p>\n\n\n\n<p>Por unas cinco horas, el sector Secundarias T\u00e9cnicas realiz\u00f3 una escala en su protesta en la capital para exigir&nbsp;pagos atrasados&nbsp;de trabajadores administrativos, algunos con rezagos e irregularidades desde el&nbsp;a\u00f1o 2015 , por lo que \u201ctomaron\u201d oficinas del Instituto Estatal de Educaci\u00f3n P\u00fablica de Oaxaca (IEEPO) y cerraron calles.<\/p>\n\n\n\n<p>Con valla humana bloquearon, primero, la calle de Belisario Dom\u00ednguez y Azucenas en colonia Reforma y despu\u00e9s, se trasladaron a la calzada Ni\u00f1os H\u00e9roes en el punto del crucero con avenida Ju\u00e1rez y&nbsp; Nezahualc\u00f3yotl y Emilio Carranza.<\/p>\n\n\n\n<p>Por otra parte, en el Centro Hist\u00f3rico, desde primeras horas de la ma\u00f1ana, habitantes de la regi\u00f3n del Istmo respaldados por la organizaci\u00f3n Movimiento de Izquierda Revolucionaria (MIR) instalaron un plant\u00f3n a un costado de Palacio de Gobierno, en la calle Bustamante.<\/p>\n\n\n\n<p>Los manifestantes demandan el pago de los recursos para la reconstrucci\u00f3n de 400 viviendas afectadas por los sismos de septiembre de 2017.<\/p>\n\n\n\n<p>Mientras que trabajadores sindicalizados del Instituto Nacional de Antropolog\u00eda e Historia. (INAH) \u201ctomaron\u201d las oficinas de la dependencia, en la calle Jos\u00e9 Mar\u00eda Pino Su\u00e1rez, para exigir la destituci\u00f3n de Ana Karen Trujillo y el pago de prestaciones.<\/p>\n\n\n\n<p>SIN SOLUCI\u00d3N<\/p>\n\n\n\n<p>Desde hace tres d\u00edas, pobladores de San Mateo R\u00edo Hondo activan bloqueos en la carretera federal 175, a la altura de San Jos\u00e9 del Pac\u00edfico, para exigir la renuncia del presidente municipal, \u00c1ngel Gerardo Ruiz Vel\u00e1zquez, por probable desv\u00edo de 15 millones de pesos del apoyo federal por afectaciones del hurac\u00e1n \u201cAgatha\u201d.<\/p>\n\n\n\n<p>Este jueves, luego de llevar a cabo el cierre de forma intermitente, los habitantes decidieron que el bloqueo fuera permanente para realizar mayor presi\u00f3n y atenci\u00f3n de la Secretar\u00eda General de Gobierno.<\/p>\n","protected":false},"excerpt":{"rendered":"<p>Yuridiana Sosa\/ Zona Roja. Oaxaca de Ju\u00e1rez, Oax., 08 de septiembre de 2022.- La semana&hellip;<\/p>\n","protected":false},"author":2,"featured_media":45584,"comment_status":"closed","ping_status":"open","sticky":false,"template":"","format":"standard","meta":{"_lmt_disableupdate":"","_lmt_disable":"","_jetpack_memberships_contains_paid_content":false,"footnotes":""},"categories":[109,47],"tags":[2264],"class_list":["post-45583","post","type-post","status-publish","format-standard","has-post-thumbnail","hentry","category-minuto-a-minuto","category-zona-gris","tag-bloqueos-y-protestas-oaxaca"],"jetpack_featured_media_url":"https:\/\/zonaroja.com.mx\/wp-content\/uploads\/2022\/09\/Protesta-Movimiento-de-Izquierda-Revolucionaria-Juchitan.jpg","jetpack_sharing_enabled":true,"_links":{"self":[{"href":"https:\/\/zonaroja.com.mx\/index.php?rest_route=\/wp\/v2\/posts\/45583","targetHints":{"allow":["GET"]}}],"collection":[{"href":"https:\/\/zonaroja.com.mx\/index.php?rest_route=\/wp\/v2\/posts"}],"about":[{"href":"https:\/\/zonaroja.com.mx\/index.php?rest_route=\/wp\/v2\/types\/post"}],"author":[{"embeddable":true,"href":"https:\/\/zonaroja.com.mx\/index.php?rest_route=\/wp\/v2\/users\/2"}],"replies":[{"embeddable":true,"href":"https:\/\/zonaroja.com.mx\/index.php?rest_route=%2Fwp%2Fv2%2Fcomments&post=45583"}],"version-history":[{"count":1,"href":"https:\/\/zonaroja.com.mx\/index.php?rest_route=\/wp\/v2\/posts\/45583\/revisions"}],"predecessor-version":[{"id":45585,"href":"https:\/\/zonaroja.com.mx\/index.php?rest_route=\/wp\/v2\/posts\/45583\/revisions\/45585"}],"wp:featuredmedia":[{"embeddable":true,"href":"https:\/\/zonaroja.com.mx\/index.php?rest_route=\/wp\/v2\/media\/45584"}],"wp:attachment":[{"href":"https:\/\/zonaroja.com.mx\/index.php?rest_route=%2Fwp%2Fv2%2Fmedia&parent=45583"}],"wp:term":[{"taxonomy":"category","embeddable":true,"href":"https:\/\/zonaroja.com.mx\/index.php?rest_route=%2Fwp%2Fv2%2Fcategories&post=45583"},{"taxonomy":"post_tag","embeddable":true,"href":"https:\/\/zonaroja.com.mx\/index.php?rest_route=%2Fwp%2Fv2%2Ftags&post=45583"}],"curies":[{"name":"wp","href":"https:\/\/api.w.org\/{rel}","templated":true}]}}